{"id":3930,"date":"2024-04-26T00:00:00","date_gmt":"2024-04-25T21:00:00","guid":{"rendered":"https:\/\/www.anofm.ro\/mures\/majusban-altalanos-allasborzet-szervez-a-maros-megyei-munkaero-foglalkoztatasi-ugynokseg-3\/"},"modified":"2024-04-26T00:00:00","modified_gmt":"2024-04-25T21:00:00","slug":"majusban-altalanos-allasborzet-szervez-a-maros-megyei-munkaero-foglalkoztatasi-ugynokseg-3","status":"publish","type":"post","link":"https:\/\/www.anofm.ro\/mures\/majusban-altalanos-allasborzet-szervez-a-maros-megyei-munkaero-foglalkoztatasi-ugynokseg-3\/","title":{"rendered":"M\u00e1jusban \u00e1ltal\u00e1nos \u00e1ll\u00e1sb\u00f6rz\u00e9t szervez a Maros megyei Munkaer\u0151 foglalkoztat\u00e1si \u00dcgyn\u00f6ks\u00e9g"},"content":{"rendered":"<div>A Maros Megyei Munkaer\u0151 foglalkoztat\u00e1si \u00dcgyn\u00f6ks\u00e9g \u00e1ltal\u00e1nos \u00e1ll\u00e1sb\u00f6rz\u00e9t szervez Maros megy\u00e9ben,<\/div>\n<div>202 4 . m\u00e1jus 1 7 \u00e9n, reggel 9 \u00f3r\u00e1t\u00f3l kezd\u0151d\u0151en, a k\u00f6vetkez\u0151 helysz\u00edneken:<\/div>\n<p>&#8211; Marosv\u00e1s\u00e1rhely, Sportcsarnok , Aleea Parcul Sportivilor , 1 .<\/p>\n<div>&#8211; Sz\u00e1szr\u00e9gen, az \u00dcgyn\u00f6ks\u00e9g munkapontj\u00e1n, K\u00f6zt\u00e1rsas\u00e1g u. 14. sz.;<\/div>\n<p>&#8211; Dics\u0151szentm\u00e1rton, az \u00dc gyn\u00f6ks\u00e9g munkapontj\u00e1n, K\u00f6zt\u00e1rsas\u00e1g u. 30. sz. III. emelet<\/p>\n<div>&#8211; Segesv\u00e1r, az \u00dcgyn\u00f6ks\u00e9g munkapontj\u00e1n, Dumbravei u. 2. sz\u00e1m;<\/div>\n<p>&#8211; Marosludas, az \u00dcgyn\u00f6ks\u00e9g munkapontj\u00e1n, K\u00f6zt\u00e1rsas\u00e1g u. 43. sz.;<\/p>\n<div>&#8211; Szov\u00e1ta, az \u00dcgyn\u00f6ks\u00e9g munkapontj\u00e1n, R\u00f3zs\u00e1k \u00fatja 25. sz.;<\/div>\n<div class=\"file-list-wrap\">\n<ul class=\"file-list\">\n<li><a href=\"\/upload2\/Mure\u0219\/29549\/2024_04_26_Comunicat_de_presa_organizare_bursa_generala-hun.pdf\" download>2024_04_26_Comunicat_de_presa_organizare_bursa_generala-hun.pdf<\/a><\/li>\n<\/ul>\n<\/div>\n","protected":false},"excerpt":{"rendered":"<p>M\u00e1jusban \u00e1ltal\u00e1nos \u00e1ll\u00e1sb\u00f6rz\u00e9t szervez a Maros megyei Munkaer\u0151foglalkoztat\u00e1si \u00dcgyn\u00f6ks\u00e9g<\/p>\n","protected":false},"author":0,"featured_media":0,"comment_status":"closed","ping_status":"closed","sticky":false,"template":"","format":"standard","meta":{"footnotes":""},"categories":[9],"tags":[],"class_list":["post-3930","post","type-post","status-publish","format-standard","hentry","category-comunicate-de-presa"],"_links":{"self":[{"href":"https:\/\/www.anofm.ro\/mures\/wp-json\/wp\/v2\/posts\/3930","targetHints":{"allow":["GET"]}}],"collection":[{"href":"https:\/\/www.anofm.ro\/mures\/wp-json\/wp\/v2\/posts"}],"about":[{"href":"https:\/\/www.anofm.ro\/mures\/wp-json\/wp\/v2\/types\/post"}],"replies":[{"embeddable":true,"href":"https:\/\/www.anofm.ro\/mures\/wp-json\/wp\/v2\/comments?post=3930"}],"version-history":[{"count":0,"href":"https:\/\/www.anofm.ro\/mures\/wp-json\/wp\/v2\/posts\/3930\/revisions"}],"wp:attachment":[{"href":"https:\/\/www.anofm.ro\/mures\/wp-json\/wp\/v2\/media?parent=3930"}],"wp:term":[{"taxonomy":"category","embeddable":true,"href":"https:\/\/www.anofm.ro\/mures\/wp-json\/wp\/v2\/categories?post=3930"},{"taxonomy":"post_tag","embeddable":true,"href":"https:\/\/www.anofm.ro\/mures\/wp-json\/wp\/v2\/tags?post=3930"}],"curies":[{"name":"wp","href":"https:\/\/api.w.org\/{rel}","templated":true}]}}