{"id":3923,"date":"2024-04-18T00:00:00","date_gmt":"2024-04-17T21:00:00","guid":{"rendered":"https:\/\/www.anofm.ro\/mures\/agenda-de-lucru-pentru-perioada-22-aprilie-26-aprilie-2024\/"},"modified":"2024-04-18T00:00:00","modified_gmt":"2024-04-17T21:00:00","slug":"agenda-de-lucru-pentru-perioada-22-aprilie-26-aprilie-2024","status":"publish","type":"post","link":"https:\/\/www.anofm.ro\/mures\/agenda-de-lucru-pentru-perioada-22-aprilie-26-aprilie-2024\/","title":{"rendered":"Agenda de lucru pentru perioada 22 APRILIE \u2013 26 APRILIE 2024"},"content":{"rendered":"<div>Rela\u0163iile interinstitu\u0163ionale ale conducerii executive a AJOFM Mure\u015f \u00een perioada 22 APRILIE \u2013 26 APRILIE 2024<\/div>\n<div>PROGRAM DE AUDIENTE<\/div>\n<div>Director Executiv \u2013 \u015eTEF GHEORGHE<\/div>\n<div>&#8211; Luni: 09.00 &#8211; 12.00<\/div>\n<div>Director Executiv Adjunct \u2013 BOGDAN ELISABETA<\/div>\n<div>&#8211; Miercuri: 09.00 &#8211; 12.00<\/div>\n<div>22 aprilie 2024<\/div>\n<div>Directorul executiv adjunct, doamna Bogdan Elisabeta, va participa la \u00eent\u00e2lnirea de lucru a Consiliului Comunitar Consultativ pentru prevenirea situa\u021biilor de separare a copiilor de familia sa, organizat\u0103 de c\u0103tre Direc\u021bia de Asisten\u021b\u0103 Social\u0103 Tg. Mure\u0219, av\u00e2nd pe ordinea de zi: Prezentarea \u0219i analizarea cazurilor de violen\u021b\u0103 sesizate de DGASPC \u0219i monitorizate de DAS cu privire la violen\u021ba \u00een mediul \u0219colar \u0219i a suspiciunii de violen\u021b\u0103 asupra copiilor \u00een afara mediului \u0219colar; Situa\u021bia cazurilor de copii \u00een situa\u021bie de risc cu e\u0219ec \u0219colar\/abandon \u0219colar din eviden\u021ba Direc\u021biei de Asisten\u021b\u0103 Social\u0103 Tg. Mure\u0219; Diverse.<\/div>\n<div>24 aprilie 2024<\/div>\n<div>Directorul executiv, domnul \u0218tef Gheorghe, va participa la \u0219edin\u021ba Colegiului Prefectural al Jude\u021bului Mure\u0219, organizat\u0103 de c\u0103tre Institu\u021bia Prefectului Jude\u021bul Mure\u0219, \u00een Sala Mare de \u0219edin\u021be a Palatului Administrativ, av\u00e2nd pe ordinea de zi: Informare privind rezultatul ac\u021biunilor de control, consiliere \u0219i preven\u021bie efectuate de CJPC Mure\u0219; Situa\u021bia apei potabile din jude\u021bul Mure\u0219 pentru anul 2023, prezentat\u0103 de Direc\u021bia de S\u0103n\u0103tate Public\u0103 a jude\u021bului Mure\u0219; Diverse.<\/div>\n<div>25 aprilie 2024<\/div>\n<div>Directorul executiv, domnul \u0218tef Gheorghe, va participa la \u0219edin\u021ba Comisiei de Autorizare a Furnizorilor de Formare Profesional\u0103 a Adul\u021bilor, \u0219edin\u021b\u0103 organizat\u0103 de Agen\u021bia Jude\u021bean\u0103 pentru Pl\u0103\u021bi \u0219i Inspec\u021bie Social\u0103 Mure\u0219.<\/div>\n<div>26 aprilie 2024<\/div>\n<div>Directorul executiv, domnul \u0218tef Gheorghe, va participa la \u0219edin\u021ba Comisiei de dialog social a Jude\u021bului Mure\u0219, organizat\u0103 de c\u0103tre Institu\u021bia Prefectului Jude\u021bul Mure\u0219, \u00een Sala Mic\u0103 de \u0219edin\u021be a Palatului Administrativ, av\u00e2nd pe ordinea de zi: Dezbatere privind problemele din domeniul de interes al institu\u021biilor publice sau al partenerilor sociali.<\/div>\n<div>Interviuri presa &#8211; la solicitare<\/div>\n","protected":false},"excerpt":{"rendered":"<p>Agenda de lucru pentru perioada 22 APRILIE \u2013 26 APRILIE 2024<\/p>\n","protected":false},"author":0,"featured_media":0,"comment_status":"closed","ping_status":"closed","sticky":false,"template":"","format":"standard","meta":{"footnotes":""},"categories":[2],"tags":[],"class_list":["post-3923","post","type-post","status-publish","format-standard","hentry","category-agenda-de-lucru"],"_links":{"self":[{"href":"https:\/\/www.anofm.ro\/mures\/wp-json\/wp\/v2\/posts\/3923","targetHints":{"allow":["GET"]}}],"collection":[{"href":"https:\/\/www.anofm.ro\/mures\/wp-json\/wp\/v2\/posts"}],"about":[{"href":"https:\/\/www.anofm.ro\/mures\/wp-json\/wp\/v2\/types\/post"}],"replies":[{"embeddable":true,"href":"https:\/\/www.anofm.ro\/mures\/wp-json\/wp\/v2\/comments?post=3923"}],"version-history":[{"count":0,"href":"https:\/\/www.anofm.ro\/mures\/wp-json\/wp\/v2\/posts\/3923\/revisions"}],"wp:attachment":[{"href":"https:\/\/www.anofm.ro\/mures\/wp-json\/wp\/v2\/media?parent=3923"}],"wp:term":[{"taxonomy":"category","embeddable":true,"href":"https:\/\/www.anofm.ro\/mures\/wp-json\/wp\/v2\/categories?post=3923"},{"taxonomy":"post_tag","embeddable":true,"href":"https:\/\/www.anofm.ro\/mures\/wp-json\/wp\/v2\/tags?post=3923"}],"curies":[{"name":"wp","href":"https:\/\/api.w.org\/{rel}","templated":true}]}}