{"id":3919,"date":"2024-04-17T00:00:00","date_gmt":"2024-04-16T21:00:00","guid":{"rendered":"https:\/\/www.anofm.ro\/mures\/6-programe-de-formare-profesionala-vor-incepe-in-luna-mai-2024\/"},"modified":"2024-04-17T00:00:00","modified_gmt":"2024-04-16T21:00:00","slug":"6-programe-de-formare-profesionala-vor-incepe-in-luna-mai-2024","status":"publish","type":"post","link":"https:\/\/www.anofm.ro\/mures\/6-programe-de-formare-profesionala-vor-incepe-in-luna-mai-2024\/","title":{"rendered":"6 programe de formare profesional\u0103 vor \u00eencepe \u00een luna mai 2024"},"content":{"rendered":"<div>Agen\u021bia Jude\u021bean\u0103 pentru Ocuparea For\u021bei de Munc\u0103 Mure\u015f inten\u0163ioneaz\u0103 s\u0103 organizeze p\u00e2n\u0103 la 31 mai 2024, 6 programe de formare profesional\u0103 \u00een urm\u0103toarele meserii \u015fi ocupa\u0163ii :<\/div>\n<div>1. Ajutor buc\u0103tar, program de calificare (Ludu\u015f);<\/div>\n<div>2. Ajutor buc\u0103tar, program de calificare (S\u00e2npaul);<\/div>\n<div>3. Competen\u021be de baz\u0103 de matematic\u0103, \u0219tiin\u021be \u0219i tehnologie (Ceua\u0219u de C\u00e2mpie);<\/div>\n<div>4. Manichiurist, program de calificare (Tg. Mure\u015f);<\/div>\n<div>5. Sudor, program de calificare (Tg. Mure\u015f);<\/div>\n<div>6. Coafur\u0103, program de calificare (Tg. Mure\u015f).<\/div>\n<div class=\"file-list-wrap\">\n<ul class=\"file-list\">\n<li><a href=\"\/upload2\/Mure\u0219\/29395\/2024_04_15_Comunicat_cursuri_formare_profesionala_prognoza.pdf\" download>2024_04_15_Comunicat_cursuri_formare_profesionala_prognoza.pdf<\/a><\/li>\n<\/ul>\n<\/div>\n","protected":false},"excerpt":{"rendered":"<p>6 programe de formare profesional\u0103 vor \u00eencepe \u00een luna mai 2024<\/p>\n","protected":false},"author":0,"featured_media":0,"comment_status":"closed","ping_status":"closed","sticky":false,"template":"","format":"standard","meta":{"footnotes":""},"categories":[9],"tags":[],"class_list":["post-3919","post","type-post","status-publish","format-standard","hentry","category-comunicate-de-presa"],"_links":{"self":[{"href":"https:\/\/www.anofm.ro\/mures\/wp-json\/wp\/v2\/posts\/3919","targetHints":{"allow":["GET"]}}],"collection":[{"href":"https:\/\/www.anofm.ro\/mures\/wp-json\/wp\/v2\/posts"}],"about":[{"href":"https:\/\/www.anofm.ro\/mures\/wp-json\/wp\/v2\/types\/post"}],"replies":[{"embeddable":true,"href":"https:\/\/www.anofm.ro\/mures\/wp-json\/wp\/v2\/comments?post=3919"}],"version-history":[{"count":0,"href":"https:\/\/www.anofm.ro\/mures\/wp-json\/wp\/v2\/posts\/3919\/revisions"}],"wp:attachment":[{"href":"https:\/\/www.anofm.ro\/mures\/wp-json\/wp\/v2\/media?parent=3919"}],"wp:term":[{"taxonomy":"category","embeddable":true,"href":"https:\/\/www.anofm.ro\/mures\/wp-json\/wp\/v2\/categories?post=3919"},{"taxonomy":"post_tag","embeddable":true,"href":"https:\/\/www.anofm.ro\/mures\/wp-json\/wp\/v2\/tags?post=3919"}],"curies":[{"name":"wp","href":"https:\/\/api.w.org\/{rel}","templated":true}]}}