{"id":3913,"date":"2024-04-09T00:00:00","date_gmt":"2024-04-08T21:00:00","guid":{"rendered":"https:\/\/www.anofm.ro\/mures\/agenda-de-lucru-pentru-perioada-08-aprilie-12-aprilie-2024\/"},"modified":"2024-04-09T00:00:00","modified_gmt":"2024-04-08T21:00:00","slug":"agenda-de-lucru-pentru-perioada-08-aprilie-12-aprilie-2024","status":"publish","type":"post","link":"https:\/\/www.anofm.ro\/mures\/agenda-de-lucru-pentru-perioada-08-aprilie-12-aprilie-2024\/","title":{"rendered":"Agenda de lucru pentru perioada 08 APRILIE \u2013 12 APRILIE 2024"},"content":{"rendered":"<div>Rela\u0163iile interinstitu\u0163ionale ale conducerii executive a AJOFM Mure\u015f \u00een perioada 08 APRILIE \u2013 12 APRILIE 2024<\/div>\n<div>PROGRAM DE AUDIENTE<\/div>\n<div>Director Executiv \u2013 \u015eTEF GHEORGHE<\/div>\n<div>&#8211; Luni: 09.00 &#8211; 12.00<\/div>\n<div>Director Executiv Adjunct \u2013 BOGDAN ELISABETA<\/div>\n<div>&#8211; Miercuri: 09.00 &#8211; 12.00<\/div>\n<div>10 aprilie 2024<\/div>\n<div>Va avea loc \u0219edin\u021ba Consiliului Consultativ al AJOFM Mure\u0219, av\u00e2nd ca teme: Planul de Ocupare al For\u021bei de Munc\u0103 \u0219i Planul de Formare Profesional\u0103 al Agen\u021biei Jude\u021bene pentru Ocuparea For\u021bei de Munc\u0103 pentru anul 2024; Informare asupra situa\u0163iei de pe pia\u0163a muncii (rata \u015fomajului, locurile de munc\u0103 vacante, structura \u015fomajului, cuprinderea \u0219omerilor \u00een programele de m\u0103suri active de stimulare a ocup\u0103rii); Prezentarea stadiului de realizare al Programului de Investi\u021bii; Diverse;<\/div>\n<div>Interviuri presa &#8211; la solicitare<\/div>\n","protected":false},"excerpt":{"rendered":"<p>Agenda de lucru pentru perioada 08 APRILIE \u2013 12 APRILIE 2024<\/p>\n","protected":false},"author":0,"featured_media":0,"comment_status":"closed","ping_status":"closed","sticky":false,"template":"","format":"standard","meta":{"footnotes":""},"categories":[2],"tags":[],"class_list":["post-3913","post","type-post","status-publish","format-standard","hentry","category-agenda-de-lucru"],"_links":{"self":[{"href":"https:\/\/www.anofm.ro\/mures\/wp-json\/wp\/v2\/posts\/3913","targetHints":{"allow":["GET"]}}],"collection":[{"href":"https:\/\/www.anofm.ro\/mures\/wp-json\/wp\/v2\/posts"}],"about":[{"href":"https:\/\/www.anofm.ro\/mures\/wp-json\/wp\/v2\/types\/post"}],"replies":[{"embeddable":true,"href":"https:\/\/www.anofm.ro\/mures\/wp-json\/wp\/v2\/comments?post=3913"}],"version-history":[{"count":0,"href":"https:\/\/www.anofm.ro\/mures\/wp-json\/wp\/v2\/posts\/3913\/revisions"}],"wp:attachment":[{"href":"https:\/\/www.anofm.ro\/mures\/wp-json\/wp\/v2\/media?parent=3913"}],"wp:term":[{"taxonomy":"category","embeddable":true,"href":"https:\/\/www.anofm.ro\/mures\/wp-json\/wp\/v2\/categories?post=3913"},{"taxonomy":"post_tag","embeddable":true,"href":"https:\/\/www.anofm.ro\/mures\/wp-json\/wp\/v2\/tags?post=3913"}],"curies":[{"name":"wp","href":"https:\/\/api.w.org\/{rel}","templated":true}]}}