{"id":3910,"date":"2024-03-29T00:00:00","date_gmt":"2024-03-28T22:00:00","guid":{"rendered":"https:\/\/www.anofm.ro\/mures\/agenda-de-lucru-pentru-perioada-25-29-martie-2024\/"},"modified":"2024-03-29T00:00:00","modified_gmt":"2024-03-28T22:00:00","slug":"agenda-de-lucru-pentru-perioada-25-29-martie-2024","status":"publish","type":"post","link":"https:\/\/www.anofm.ro\/mures\/agenda-de-lucru-pentru-perioada-25-29-martie-2024\/","title":{"rendered":"Agenda de lucru pentru perioada 25 \u2013 29 Martie 2024"},"content":{"rendered":"<div>JUDE\u0162EAN\u0102 PENTRU OCUPAREA FOR\u0162EI DE MUNC\u0102 MURE\u015e pagina 1 din 1<\/div>\n<div>Operator de date cu caracter personal nr. 568<\/div>\n<div>Str. Iuliu Maniu, nr. 2, T\u00e2rgu Mure\u015f, Jude\u0163ul Mure\u015f<\/div>\n<div>Tel.: +4 0265 269247; Fax: +4 0265 268035<\/div>\n<div>e-mail: ajofm.ms@anofm.gov.ro; www.anofm.ro<\/div>\n<div>Rela\u0163iile interinstitu\u0163ionale ale conducerii executive a AJOFM Mure\u015f \u00een perioada 25 MARTIE \u2013 29 MARTIE 2024<\/div>\n<div>PROGRAM DE AUDIENTE<\/div>\n<div>Director Executiv \u2013 \u015eTEF GHEORGHE<\/div>\n<div>&#8211; Luni: 09.00 &#8211; 12.00<\/div>\n<div>Director Executiv Adjunct \u2013 BOGDAN ELISABETA<\/div>\n<div>&#8211; Miercuri: 09.00 &#8211; 12.00<\/div>\n<div>27 martie 2024<\/div>\n<div>Directorul executiv, domnul \u0218tef Gheorghe, va participa la \u0219edin\u021ba Colegiului Prefectural al Jude\u021bului Mure\u0219, organizat\u0103 de c\u0103tre Institu\u021bia Prefectului Jude\u021bul Mure\u0219, \u00een Sala Mare de \u0219edin\u021be a Palatului Administrativ, av\u00e2nd pe ordinea de zi: Informare privind activit\u0103\u021bile desf\u0103\u0219urate \u0219i rezultatele ob\u021binute la nivelul Inspectoratului de Poli\u021bie Jude\u021bean Mure\u0219 \u00een anul 2023; Raportul de evaluare a activit\u0103\u021bii Inspectoratului pentru Situa\u021bii de Urgen\u021b\u0103 \u201cHorea\u201d al Jude\u021bului Mure\u0219; informare privind starea general\u0103 economico-social\u0103 a jude\u021bului Mure\u0219 \u00een anul 2023, prezentat\u0103 de Direc\u021bia Jude\u021bean\u0103 de Statistic\u0103 Mure\u0219; Diverse: aprobarea Planului de ac\u021biuni pentru anul 2024 pentru realizarea \u00een jude\u021bul Mure\u0219 a obiectivelor cuprinse \u00een Programul de Guvernare 2023-2024.<\/div>\n<div>25 -29 martie 2024<\/div>\n<div>Directorul executiv adjunct, doamna Bogdan Elisabeta, va participa la cursul Management \u00een contextul digitaliz\u0103rii administra\u021biei publice, la Centru Na\u021bional de Formare Profesional\u0103 a Personalului Propriu R\u00e2\u0219nov.<\/div>\n<div>Interviuri presa &#8211; la solicitare<\/div>\n","protected":false},"excerpt":{"rendered":"<p>Agenda de lucru pentru perioada 25 \u2013 29 Martie 2024<\/p>\n","protected":false},"author":0,"featured_media":0,"comment_status":"closed","ping_status":"closed","sticky":false,"template":"","format":"standard","meta":{"footnotes":""},"categories":[2],"tags":[],"class_list":["post-3910","post","type-post","status-publish","format-standard","hentry","category-agenda-de-lucru"],"_links":{"self":[{"href":"https:\/\/www.anofm.ro\/mures\/wp-json\/wp\/v2\/posts\/3910","targetHints":{"allow":["GET"]}}],"collection":[{"href":"https:\/\/www.anofm.ro\/mures\/wp-json\/wp\/v2\/posts"}],"about":[{"href":"https:\/\/www.anofm.ro\/mures\/wp-json\/wp\/v2\/types\/post"}],"replies":[{"embeddable":true,"href":"https:\/\/www.anofm.ro\/mures\/wp-json\/wp\/v2\/comments?post=3910"}],"version-history":[{"count":0,"href":"https:\/\/www.anofm.ro\/mures\/wp-json\/wp\/v2\/posts\/3910\/revisions"}],"wp:attachment":[{"href":"https:\/\/www.anofm.ro\/mures\/wp-json\/wp\/v2\/media?parent=3910"}],"wp:term":[{"taxonomy":"category","embeddable":true,"href":"https:\/\/www.anofm.ro\/mures\/wp-json\/wp\/v2\/categories?post=3910"},{"taxonomy":"post_tag","embeddable":true,"href":"https:\/\/www.anofm.ro\/mures\/wp-json\/wp\/v2\/tags?post=3910"}],"curies":[{"name":"wp","href":"https:\/\/api.w.org\/{rel}","templated":true}]}}