{"id":3846,"date":"2024-03-20T00:00:00","date_gmt":"2024-03-19T22:00:00","guid":{"rendered":"https:\/\/www.anofm.ro\/mures\/4-programe-de-formare-profesionala-vor-incepe-in-luna-aprilie-2024\/"},"modified":"2024-03-20T00:00:00","modified_gmt":"2024-03-19T22:00:00","slug":"4-programe-de-formare-profesionala-vor-incepe-in-luna-aprilie-2024","status":"publish","type":"post","link":"https:\/\/www.anofm.ro\/mures\/4-programe-de-formare-profesionala-vor-incepe-in-luna-aprilie-2024\/","title":{"rendered":"4 programe de formare profesional\u0103 vor \u00eencepe \u00een luna aprilie 2024"},"content":{"rendered":"<div>Agen\u021bia Jude\u021bean\u0103 pentru Ocuparea For\u021bei de Munc\u0103 Mure\u015f inten\u0163ioneaz\u0103 s\u0103 organizeze p\u00e2n\u0103 la 30 aprilie 2024, 4 programe de formare profesional\u0103 \u00een urm\u0103toarele meserii \u015fi ocupa\u0163ii :<\/div>\n<div>1. Femeie de serviciu, program de calificare (Ceua\u0219u de C\u00e2mpie);<\/div>\n<div>2. Comunicare \u00een limba oficial\u0103-limba rom\u00e2n\u0103, competen\u021be cheie (S\u00e2npaul-Chirileu);<\/div>\n<div>3. Montator instala\u021bii solare, program de specializare (Tg. Mure\u015f);<\/div>\n<div>4. Cofetar, program de calificare (Tg. Mure\u015f).<\/div>\n<div>\u00cen anul 2024, agen\u021bia a organizat 6 programe de formare profesional\u0103, la care au fost cuprin\u0219i un num\u0103r de 97 \u015fomeri.<\/div>\n<div class=\"file-list-wrap\">\n<ul class=\"file-list\">\n<li><a href=\"\/upload2\/Mure\u0219\/29117\/2024_03_19_Comunicat_cursuri_formare_profesionala_prognoza.pdf\" download>2024_03_19_Comunicat_cursuri_formare_profesionala_prognoza.pdf<\/a><\/li>\n<\/ul>\n<\/div>\n","protected":false},"excerpt":{"rendered":"<p>4 programe de formare profesional\u0103 vor \u00eencepe \u00een luna aprilie 2024<\/p>\n","protected":false},"author":0,"featured_media":0,"comment_status":"closed","ping_status":"closed","sticky":false,"template":"","format":"standard","meta":{"footnotes":""},"categories":[9],"tags":[],"class_list":["post-3846","post","type-post","status-publish","format-standard","hentry","category-comunicate-de-presa"],"_links":{"self":[{"href":"https:\/\/www.anofm.ro\/mures\/wp-json\/wp\/v2\/posts\/3846","targetHints":{"allow":["GET"]}}],"collection":[{"href":"https:\/\/www.anofm.ro\/mures\/wp-json\/wp\/v2\/posts"}],"about":[{"href":"https:\/\/www.anofm.ro\/mures\/wp-json\/wp\/v2\/types\/post"}],"replies":[{"embeddable":true,"href":"https:\/\/www.anofm.ro\/mures\/wp-json\/wp\/v2\/comments?post=3846"}],"version-history":[{"count":0,"href":"https:\/\/www.anofm.ro\/mures\/wp-json\/wp\/v2\/posts\/3846\/revisions"}],"wp:attachment":[{"href":"https:\/\/www.anofm.ro\/mures\/wp-json\/wp\/v2\/media?parent=3846"}],"wp:term":[{"taxonomy":"category","embeddable":true,"href":"https:\/\/www.anofm.ro\/mures\/wp-json\/wp\/v2\/categories?post=3846"},{"taxonomy":"post_tag","embeddable":true,"href":"https:\/\/www.anofm.ro\/mures\/wp-json\/wp\/v2\/tags?post=3846"}],"curies":[{"name":"wp","href":"https:\/\/api.w.org\/{rel}","templated":true}]}}