{"id":3827,"date":"2024-02-26T00:00:00","date_gmt":"2024-02-25T22:00:00","guid":{"rendered":"https:\/\/www.anofm.ro\/mures\/a-maros-megyei-munkaero-foglalkoztatasi-ugynokseg-nyilvantartasaban-szereplo-adatok-szerint-2024-januarjaban-a-munkanelkulisegi-arany-329-volt\/"},"modified":"2024-02-26T00:00:00","modified_gmt":"2024-02-25T22:00:00","slug":"a-maros-megyei-munkaero-foglalkoztatasi-ugynokseg-nyilvantartasaban-szereplo-adatok-szerint-2024-januarjaban-a-munkanelkulisegi-arany-329-volt","status":"publish","type":"post","link":"https:\/\/www.anofm.ro\/mures\/a-maros-megyei-munkaero-foglalkoztatasi-ugynokseg-nyilvantartasaban-szereplo-adatok-szerint-2024-januarjaban-a-munkanelkulisegi-arany-329-volt\/","title":{"rendered":"A Maros Megyei Munkaer\u0151-foglalkoztat\u00e1si \u00dcgyn\u00f6ks\u00e9g nyilv\u00e1ntart\u00e1s\u00e1ban szerepl\u0151 adatok szerint 2024 JANU\u00c1RJ\u00c1BAN a munkan\u00e9lk\u00fclis\u00e9gi ar\u00e1ny 3,29% volt."},"content":{"rendered":"<p>Janu\u00e1r v\u00e9g\u00e9n a Maros Megyei Munkaer\u0151-foglalkoztat\u00e1si \u00dcgyn\u00f6ks\u00e9g 6834 munkan\u00e9lk\u00fcli szem\u00e9lyt tartott nyilv\u00e1n (ebb\u0151l 3120 n\u0151), \u00edgy a munkan\u00e9lk\u00fclis\u00e9gi ar\u00e1ny 3,29%-os.<\/p>\n<div class=\"file-list-wrap\">\n<ul class=\"file-list\">\n<li><a href=\"\/upload2\/Mure\u0219\/28854\/2024_02_21_Comunicat_de_presa_somaj_hun.pdf\" download>2024_02_21_Comunicat_de_presa_somaj_hun.pdf<\/a><\/li>\n<\/ul>\n<\/div>\n","protected":false},"excerpt":{"rendered":"<p>A Maros Megyei Munkaer\u0151-foglalkoztat\u00e1si \u00dcgyn\u00f6ks\u00e9g nyilv\u00e1ntart\u00e1s\u00e1ban szerepl\u0151 adatok szerint 2024 JANU\u00c1RJ\u00c1BAN a munkan\u00e9lk\u00fclis\u00e9gi ar\u00e1ny 3,29% volt.<\/p>\n","protected":false},"author":0,"featured_media":0,"comment_status":"closed","ping_status":"closed","sticky":false,"template":"","format":"standard","meta":{"footnotes":""},"categories":[9],"tags":[],"class_list":["post-3827","post","type-post","status-publish","format-standard","hentry","category-comunicate-de-presa"],"_links":{"self":[{"href":"https:\/\/www.anofm.ro\/mures\/wp-json\/wp\/v2\/posts\/3827","targetHints":{"allow":["GET"]}}],"collection":[{"href":"https:\/\/www.anofm.ro\/mures\/wp-json\/wp\/v2\/posts"}],"about":[{"href":"https:\/\/www.anofm.ro\/mures\/wp-json\/wp\/v2\/types\/post"}],"replies":[{"embeddable":true,"href":"https:\/\/www.anofm.ro\/mures\/wp-json\/wp\/v2\/comments?post=3827"}],"version-history":[{"count":0,"href":"https:\/\/www.anofm.ro\/mures\/wp-json\/wp\/v2\/posts\/3827\/revisions"}],"wp:attachment":[{"href":"https:\/\/www.anofm.ro\/mures\/wp-json\/wp\/v2\/media?parent=3827"}],"wp:term":[{"taxonomy":"category","embeddable":true,"href":"https:\/\/www.anofm.ro\/mures\/wp-json\/wp\/v2\/categories?post=3827"},{"taxonomy":"post_tag","embeddable":true,"href":"https:\/\/www.anofm.ro\/mures\/wp-json\/wp\/v2\/tags?post=3827"}],"curies":[{"name":"wp","href":"https:\/\/api.w.org\/{rel}","templated":true}]}}