{"id":3814,"date":"2024-02-15T00:00:00","date_gmt":"2024-02-14T22:00:00","guid":{"rendered":"https:\/\/www.anofm.ro\/mures\/cursul-de-coafor-organizat-de-ajofm-mures-in-colaborare-cu-centrul-regional-de-formare-profesionala-a-adultilor-brasov\/"},"modified":"2024-02-15T00:00:00","modified_gmt":"2024-02-14T22:00:00","slug":"cursul-de-coafor-organizat-de-ajofm-mures-in-colaborare-cu-centrul-regional-de-formare-profesionala-a-adultilor-brasov","status":"publish","type":"post","link":"https:\/\/www.anofm.ro\/mures\/cursul-de-coafor-organizat-de-ajofm-mures-in-colaborare-cu-centrul-regional-de-formare-profesionala-a-adultilor-brasov\/","title":{"rendered":"Cursul de \u201eCoafor\u201d &#8211; organizat de AJOFM Mure\u0219 \u00een colaborare cu Centrul Regional de Formare Profesional\u0103 A Adul\u021bilor Bra\u0219ov"},"content":{"rendered":"<div>Agen\u0163ia Jude\u0163ean\u0103 pentru Ocuparea For\u0163ei de Munc\u0103 Mure\u015f \u00een colaborare cu C\u0103minul pentru persoane V\u00e2rstnice din Tg. Mure\u015f, organizeaz\u0103 \u00een data de 23 ianuarie 2024, cu ocazia S\u0103rb\u0103torii Na\u021bionale a Unirii Principatelor Rom\u00e2ne, o surpriz\u0103 persoanelor din acest c\u0103min, const\u00e2nd \u00een servicii gratuite de coafur\u0103 pentru doamne \u015fi frizerie pentru domni &#8211; acordate persoanelor v\u00e2rstnice aflate \u00een incinta c\u0103minului.<\/div>\n<div>&#8211; Cursul de \u201eCoafor\u201d, este organizat de AJOFM Mure\u0219 \u00een colaborare cu Centrul Regional de Formare Profesional\u0103 A Adul\u021bilor Bra\u0219ov, \u00een perioada: 29.08.2023 \u2013 29.01.2024.<\/div>\n<div class=\"file-list-wrap\">\n<ul class=\"file-list\">\n<li><a href=\"\/upload2\/Mure\u0219\/28708\/2024_01_22_Comunicat_de_presa_coafura.pdf\" download>2024_01_22_Comunicat_de_presa_coafura.pdf<\/a><\/li>\n<\/ul>\n<\/div>\n","protected":false},"excerpt":{"rendered":"<p>Cursul de \u201eCoafor\u201d &#8211; organizat de AJOFM Mure\u0219 \u00een colaborare cu Centrul Regional de Formare Profesional\u0103 A Adul\u021bilor Bra\u0219ov<\/p>\n","protected":false},"author":0,"featured_media":0,"comment_status":"closed","ping_status":"closed","sticky":false,"template":"","format":"standard","meta":{"footnotes":""},"categories":[9],"tags":[],"class_list":["post-3814","post","type-post","status-publish","format-standard","hentry","category-comunicate-de-presa"],"_links":{"self":[{"href":"https:\/\/www.anofm.ro\/mures\/wp-json\/wp\/v2\/posts\/3814","targetHints":{"allow":["GET"]}}],"collection":[{"href":"https:\/\/www.anofm.ro\/mures\/wp-json\/wp\/v2\/posts"}],"about":[{"href":"https:\/\/www.anofm.ro\/mures\/wp-json\/wp\/v2\/types\/post"}],"replies":[{"embeddable":true,"href":"https:\/\/www.anofm.ro\/mures\/wp-json\/wp\/v2\/comments?post=3814"}],"version-history":[{"count":0,"href":"https:\/\/www.anofm.ro\/mures\/wp-json\/wp\/v2\/posts\/3814\/revisions"}],"wp:attachment":[{"href":"https:\/\/www.anofm.ro\/mures\/wp-json\/wp\/v2\/media?parent=3814"}],"wp:term":[{"taxonomy":"category","embeddable":true,"href":"https:\/\/www.anofm.ro\/mures\/wp-json\/wp\/v2\/categories?post=3814"},{"taxonomy":"post_tag","embeddable":true,"href":"https:\/\/www.anofm.ro\/mures\/wp-json\/wp\/v2\/tags?post=3814"}],"curies":[{"name":"wp","href":"https:\/\/api.w.org\/{rel}","templated":true}]}}