{"id":3813,"date":"2024-02-15T00:00:00","date_gmt":"2024-02-14T22:00:00","guid":{"rendered":"https:\/\/www.anofm.ro\/mures\/informatii-privind-plata-sumelor-restante-si-acordarea-subventiilor-pentru-angajatorii-care-incadreaza-in-munca-someri\/"},"modified":"2024-02-15T00:00:00","modified_gmt":"2024-02-14T22:00:00","slug":"informatii-privind-plata-sumelor-restante-si-acordarea-subventiilor-pentru-angajatorii-care-incadreaza-in-munca-someri","status":"publish","type":"post","link":"https:\/\/www.anofm.ro\/mures\/informatii-privind-plata-sumelor-restante-si-acordarea-subventiilor-pentru-angajatorii-care-incadreaza-in-munca-someri\/","title":{"rendered":"Informa\u021bii privind plata sumelor restante \u0219i acordarea subven\u021biilor pentru angajatorii care \u00eencadreaz\u0103 \u00een munc\u0103 \u0219omeri"},"content":{"rendered":"<p>Agen\u021bia Jude\u021bean\u0103 pentru Ocuparea For\u021bei de Munc\u0103 Mure\u0219 aplic\u0103 o serie de m\u0103suri active care vizeaz\u0103 integrarea pe pia\u021ba muncii a \u0219omerilor \u0219i a persoanelor aflate \u00een c\u0103utarea unui loc de munc\u0103. Printre m\u0103surile destinate cre\u0219erii \u0219anselor de ocupare a \u0219omerilor se num\u0103r\u0103 \u0219i acordarea subven\u021biilor \u00een vederea stimul\u0103rii angajatorilor de a \u00eencadra pe pia\u021ba muncii persoane apar\u021bin\u00e2nd unor categorii dezavantajate sau cu acces mai dificil pe pia\u021ba muncii.<\/p>\n<div class=\"file-list-wrap\">\n<ul class=\"file-list\">\n<li><a href=\"\/upload2\/Mure\u0219\/28707\/2024_01_19_Comunicat_de_presa_subventii_acordate_angajatorilor.pdf\" download>2024_01_19_Comunicat_de_presa_subventii_acordate_angajatorilor.pdf<\/a><\/li>\n<\/ul>\n<\/div>\n","protected":false},"excerpt":{"rendered":"<p>Informa\u021bii privind plata sumelor restante \u0219i acordarea subven\u021biilor pentru angajatorii care \u00eencadreaz\u0103 \u00een munc\u0103 \u0219omeri<\/p>\n","protected":false},"author":0,"featured_media":0,"comment_status":"closed","ping_status":"closed","sticky":false,"template":"","format":"standard","meta":{"footnotes":""},"categories":[9],"tags":[],"class_list":["post-3813","post","type-post","status-publish","format-standard","hentry","category-comunicate-de-presa"],"_links":{"self":[{"href":"https:\/\/www.anofm.ro\/mures\/wp-json\/wp\/v2\/posts\/3813","targetHints":{"allow":["GET"]}}],"collection":[{"href":"https:\/\/www.anofm.ro\/mures\/wp-json\/wp\/v2\/posts"}],"about":[{"href":"https:\/\/www.anofm.ro\/mures\/wp-json\/wp\/v2\/types\/post"}],"replies":[{"embeddable":true,"href":"https:\/\/www.anofm.ro\/mures\/wp-json\/wp\/v2\/comments?post=3813"}],"version-history":[{"count":0,"href":"https:\/\/www.anofm.ro\/mures\/wp-json\/wp\/v2\/posts\/3813\/revisions"}],"wp:attachment":[{"href":"https:\/\/www.anofm.ro\/mures\/wp-json\/wp\/v2\/media?parent=3813"}],"wp:term":[{"taxonomy":"category","embeddable":true,"href":"https:\/\/www.anofm.ro\/mures\/wp-json\/wp\/v2\/categories?post=3813"},{"taxonomy":"post_tag","embeddable":true,"href":"https:\/\/www.anofm.ro\/mures\/wp-json\/wp\/v2\/tags?post=3813"}],"curies":[{"name":"wp","href":"https:\/\/api.w.org\/{rel}","templated":true}]}}