{"id":3812,"date":"2024-02-15T00:00:00","date_gmt":"2024-02-14T22:00:00","guid":{"rendered":"https:\/\/www.anofm.ro\/mures\/618-participanti-la-programele-de-formare-profesionala-organizate-de-ajofm-mures-in-anul-2023\/"},"modified":"2024-02-15T00:00:00","modified_gmt":"2024-02-14T22:00:00","slug":"618-participanti-la-programele-de-formare-profesionala-organizate-de-ajofm-mures-in-anul-2023","status":"publish","type":"post","link":"https:\/\/www.anofm.ro\/mures\/618-participanti-la-programele-de-formare-profesionala-organizate-de-ajofm-mures-in-anul-2023\/","title":{"rendered":"618 participan\u0163i la programele de formare profesionala organizate de AJOFM Mure\u0219 \u00een anul 2023"},"content":{"rendered":"<div>\u00cen cursul anului 2023, Agen\u0163ia Jude\u021bean\u0103 pentru Ocuparea For\u0163ei de Munc\u0103 Mure\u0219 a cuprins \u00een programele de formare profesional\u0103 organizate prin intermediul Centrelor Regionale de Formare Profesional\u0103 a Adul\u0163ilor Mure\u0219 \u0219i Bra\u0219ov, un num\u0103r de 618 persoane.<\/div>\n<div>Dintre acestea, 611 persoane se afl\u0103 \u00een categoria \u0219omeri, iar 7 persoane sunt din categoria persoanelor care beneficiaz\u0103 de gratuitate, al\u021bii dec\u00e2t \u0219omerii, respectiv persoane aflate \u00een custodia Penitenciarului T\u00e2rgu Mure\u0219.<\/div>\n<div class=\"file-list-wrap\">\n<ul class=\"file-list\">\n<li><a href=\"\/upload2\/Mure\u0219\/28706\/2024_01_19_Comunicat_cursuri_formare_profesionala_pt_2023.pdf\" download>2024_01_19_Comunicat_cursuri_formare_profesionala_pt_2023.pdf<\/a><\/li>\n<\/ul>\n<\/div>\n","protected":false},"excerpt":{"rendered":"<p>618 participan\u0163i la programele de formare profesionala organizate de AJOFM Mure\u0219 \u00een anul 2023<\/p>\n","protected":false},"author":0,"featured_media":0,"comment_status":"closed","ping_status":"closed","sticky":false,"template":"","format":"standard","meta":{"footnotes":""},"categories":[9],"tags":[],"class_list":["post-3812","post","type-post","status-publish","format-standard","hentry","category-comunicate-de-presa"],"_links":{"self":[{"href":"https:\/\/www.anofm.ro\/mures\/wp-json\/wp\/v2\/posts\/3812","targetHints":{"allow":["GET"]}}],"collection":[{"href":"https:\/\/www.anofm.ro\/mures\/wp-json\/wp\/v2\/posts"}],"about":[{"href":"https:\/\/www.anofm.ro\/mures\/wp-json\/wp\/v2\/types\/post"}],"replies":[{"embeddable":true,"href":"https:\/\/www.anofm.ro\/mures\/wp-json\/wp\/v2\/comments?post=3812"}],"version-history":[{"count":0,"href":"https:\/\/www.anofm.ro\/mures\/wp-json\/wp\/v2\/posts\/3812\/revisions"}],"wp:attachment":[{"href":"https:\/\/www.anofm.ro\/mures\/wp-json\/wp\/v2\/media?parent=3812"}],"wp:term":[{"taxonomy":"category","embeddable":true,"href":"https:\/\/www.anofm.ro\/mures\/wp-json\/wp\/v2\/categories?post=3812"},{"taxonomy":"post_tag","embeddable":true,"href":"https:\/\/www.anofm.ro\/mures\/wp-json\/wp\/v2\/tags?post=3812"}],"curies":[{"name":"wp","href":"https:\/\/api.w.org\/{rel}","templated":true}]}}