{"id":381,"date":"2023-03-14T00:00:00","date_gmt":"2023-03-13T22:00:00","guid":{"rendered":"https:\/\/www.anofm.ro\/mures\/anunt-privind-organizarea-selectiei-pentru-ocuparea-a-2-posturi-de-experti-locali-spo-relatia-cu-angajtorii-in-cadrul-proiectului-relatia-spo-cu-angajatorii-espor-pocu-801\/"},"modified":"2023-03-14T00:00:00","modified_gmt":"2023-03-13T22:00:00","slug":"anunt-privind-organizarea-selectiei-pentru-ocuparea-a-2-posturi-de-experti-locali-spo-relatia-cu-angajtorii-in-cadrul-proiectului-relatia-spo-cu-angajatorii-espor-pocu-801","status":"publish","type":"post","link":"https:\/\/www.anofm.ro\/mures\/anunt-privind-organizarea-selectiei-pentru-ocuparea-a-2-posturi-de-experti-locali-spo-relatia-cu-angajtorii-in-cadrul-proiectului-relatia-spo-cu-angajatorii-espor-pocu-801\/","title":{"rendered":"ANUN\u021a privind organizarea selec\u021biei pentru ocuparea a 2 posturi de exper\u021bi locali SPO rela\u021bia cu angajtorii \u00een cadrul proiectului \u201eRela\u021bia SPO cu angajatorii \u2013 eSPOR\u201d POCU \/801\/3\/15\/139164"},"content":{"rendered":"<div>Agen\u021bia Jude\u021bean\u0103 pentru Ocuparea For\u021bei de Munc\u0103, cu sediul \u00een Tg. Mure\u0219, str. Iuliu Maniu, nr.2, organizeaz\u0103 selec\u021bia pentru ocuparea a 2 posturi de exper\u021bi locali SPO rela\u021bia cu angajtorii \u00een cadrul proiectului \u201eRela\u021bia SPO cu angajatorii \u2013 eSPOR\u201d, \u00een perioada 14.03-22.03.2023.<\/div>\n<div>Pot participa la selec\u021bie numai persoanele care au calitatea de angajat al Agen\u021biei Jude\u021bene pentru Ocuparea For\u021bei de Munc\u0103.<\/div>\n<p>Selec\u021bia const\u0103 \u00een parcurgerea a dou\u0103 etape:<\/p>\n<p>1. Selec\u021bia candida\u021bilor \u00een func\u021bie de dosarul depus \u2013 17.03.2023 \u2013 ora .10;<\/p>\n<p>2. Interviul \u2013 22.03.2023 \u2013 ora 12,00.<\/p>\n<p>Persoan\u0103 de contact: Camelia Pa\u0219ca, consilier \u00een cadrul Compartimentului Resurse Umane, Salarizare, Comunicare \u0219i Secretariatul Consiliului Consultativ.<\/p>\n<div class=\"file-list-wrap\">\n<ul class=\"file-list\">\n<li><a href=\"\/upload2\/Mure\u0219\/25210\/2_ANUNT_selectie_experti_locali_SPO_-_proiect_eSPOR.pdf\" download>2_ANUNT_selectie_experti_locali_SPO_-_proiect_eSPOR.pdf<\/a><\/li>\n<li><a href=\"\/upload2\/Mure\u0219\/25210\/2_Bibliografia.pdf\" download>2_Bibliografia.pdf<\/a><\/li>\n<li><a href=\"\/upload2\/Mure\u0219\/25210\/DECLARATIE_PE_PROPRIA_RASPUNDERE_PRIVIND_INEXISTENTA_ORICAREI_SITUATII_DE_INCOMPATIBILITATE_PROACCES4.pdf\" download>DECLARATIE_PE_PROPRIA_RASPUNDERE_PRIVIND_INEXISTENTA_ORICAREI_SITUATII_DE_INCOMPATIBILITATE_PROACCES4.pdf<\/a><\/li>\n<li><a href=\"\/upload2\/Mure\u0219\/25210\/Declaratie-consimtamant.pdf\" download>Declaratie-consimtamant.pdf<\/a><\/li>\n<li><a href=\"\/upload2\/Mure\u0219\/25210\/3_ANEXA_3_PROCES_VERBAL_DE_ANALIZARE_A_DOSARELOR_-_de_postat_fara_semnatura.pdf\" download>3_ANEXA_3_PROCES_VERBAL_DE_ANALIZARE_A_DOSARELOR_-_de_postat_fara_semnatura.pdf<\/a><\/li>\n<li><a href=\"\/upload2\/Mure\u0219\/25210\/6_PROCES_VERBAL_INTERVIU_-_de_postat_fara_semnatura.pdf\" download>6_PROCES_VERBAL_INTERVIU_-_de_postat_fara_semnatura.pdf<\/a><\/li>\n<li><a href=\"\/upload2\/Mure\u0219\/25210\/7_PROCES_VERBAL_final_-_de_postat_fara_semnatura.pdf\" download>7_PROCES_VERBAL_final_-_de_postat_fara_semnatura.pdf<\/a><\/li>\n<\/ul>\n<\/div>\n","protected":false},"excerpt":{"rendered":"<p>ANUN\u021a privind organizarea selec\u021biei pentru ocuparea a 2 posturi de exper\u021bi locali SPO rela\u021bia cu angajtorii \u00een cadrul proiectului \u201eRela\u021bia SPO cu angajatorii \u2013 eSPOR\u201d POCU \/801\/3\/15\/139164<\/p>\n","protected":false},"author":0,"featured_media":0,"comment_status":"closed","ping_status":"closed","sticky":false,"template":"","format":"standard","meta":{"footnotes":""},"categories":[7],"tags":[],"class_list":["post-381","post","type-post","status-publish","format-standard","hentry","category-cariera-profesionala"],"_links":{"self":[{"href":"https:\/\/www.anofm.ro\/mures\/wp-json\/wp\/v2\/posts\/381","targetHints":{"allow":["GET"]}}],"collection":[{"href":"https:\/\/www.anofm.ro\/mures\/wp-json\/wp\/v2\/posts"}],"about":[{"href":"https:\/\/www.anofm.ro\/mures\/wp-json\/wp\/v2\/types\/post"}],"replies":[{"embeddable":true,"href":"https:\/\/www.anofm.ro\/mures\/wp-json\/wp\/v2\/comments?post=381"}],"version-history":[{"count":0,"href":"https:\/\/www.anofm.ro\/mures\/wp-json\/wp\/v2\/posts\/381\/revisions"}],"wp:attachment":[{"href":"https:\/\/www.anofm.ro\/mures\/wp-json\/wp\/v2\/media?parent=381"}],"wp:term":[{"taxonomy":"category","embeddable":true,"href":"https:\/\/www.anofm.ro\/mures\/wp-json\/wp\/v2\/categories?post=381"},{"taxonomy":"post_tag","embeddable":true,"href":"https:\/\/www.anofm.ro\/mures\/wp-json\/wp\/v2\/tags?post=381"}],"curies":[{"name":"wp","href":"https:\/\/api.w.org\/{rel}","templated":true}]}}