{"id":3804,"date":"2024-02-14T00:00:00","date_gmt":"2024-02-13T22:00:00","guid":{"rendered":"https:\/\/www.anofm.ro\/mures\/agenda-de-lucru-pentru-perioada-15-19-ianuarie-2024\/"},"modified":"2024-02-14T00:00:00","modified_gmt":"2024-02-13T22:00:00","slug":"agenda-de-lucru-pentru-perioada-15-19-ianuarie-2024","status":"publish","type":"post","link":"https:\/\/www.anofm.ro\/mures\/agenda-de-lucru-pentru-perioada-15-19-ianuarie-2024\/","title":{"rendered":"Agenda de lucru pentru perioada 15 \u2013 19 Ianuarie 2024"},"content":{"rendered":"<div>Rela\u0163iile interinstitu\u0163ionale ale conducerii executive a AJOFM Mure\u015f \u00een perioada 15 IANUARIE \u2013 19 IANUARIE 2024<\/div>\n<div>PROGRAM DE AUDIENTE<\/div>\n<div>Director Executiv \u2013 \u015eTEF GHEORGHE<\/div>\n<div>&#8211; Luni: 09.00 &#8211; 12.00<\/div>\n<div>Director Executiv Adjunct \u2013 BOGDAN ELISABETA<\/div>\n<div>&#8211; Miercuri: 09.00 &#8211; 12.00<\/div>\n<div>16 ianuarie 2024<\/div>\n<div>Directorul executiv, domnul \u0218tef Gheorghe, va participa la \u0219edin\u021ba Comitetului Local de Dezvoltare a Parteneriatului Social Mure\u0219, organizat\u0103 de c\u0103tre Inspectoratul Jude\u021bean Mure\u0219, \u00een sala festiv\u0103 a Liceului Tehnologic \u201eElectromure\u0219\u201d T\u00e2rgu Mure\u0219, av\u00e2nd pe ordinea de zi: Scopul \u0219edin\u021bei este analiza \u0219i avizarea Proiectului cifrei de \u0219colarizare pentru \u00eenv\u0103\u021b\u0103m\u00e2ntul profesional \u0219i tehnic, \u00een vederea stabilirii unui plan de \u0219colarizare jude\u021bean realist, bazat pe cererea de pe pia\u021ba muncii locale, conform solicit\u0103rilor agen\u021bilor economici; Diverse.<\/div>\n<div>17 ianuarie 2024<\/div>\n<div>Va avea loc \u0219edin\u021ba Consiliului Consultativ al AJOFM Mure\u0219, av\u00e2nd ca teme: Realiz\u0103rile planului de formare profesional\u0103 la data de 31.12.2023; Informare asupra situa\u0163iei de pe pia\u0163a muncii (rata \u015fomajului, locurile de munc\u0103 vacante, structura \u015fomajului, cuprinderea \u0219omerilor \u00een programele de m\u0103suri active de stimulare a ocup\u0103rii); Prezentarea stadiului de realizare al Programului de Investi\u021bii; Diverse;<\/div>\n<div>Interviuri presa &#8211; la solicitare<\/div>\n","protected":false},"excerpt":{"rendered":"<p>Agenda de lucru pentru perioada 15 \u2013 19 Ianuarie 2024<\/p>\n","protected":false},"author":0,"featured_media":0,"comment_status":"closed","ping_status":"closed","sticky":false,"template":"","format":"standard","meta":{"footnotes":""},"categories":[2],"tags":[],"class_list":["post-3804","post","type-post","status-publish","format-standard","hentry","category-agenda-de-lucru"],"_links":{"self":[{"href":"https:\/\/www.anofm.ro\/mures\/wp-json\/wp\/v2\/posts\/3804","targetHints":{"allow":["GET"]}}],"collection":[{"href":"https:\/\/www.anofm.ro\/mures\/wp-json\/wp\/v2\/posts"}],"about":[{"href":"https:\/\/www.anofm.ro\/mures\/wp-json\/wp\/v2\/types\/post"}],"replies":[{"embeddable":true,"href":"https:\/\/www.anofm.ro\/mures\/wp-json\/wp\/v2\/comments?post=3804"}],"version-history":[{"count":0,"href":"https:\/\/www.anofm.ro\/mures\/wp-json\/wp\/v2\/posts\/3804\/revisions"}],"wp:attachment":[{"href":"https:\/\/www.anofm.ro\/mures\/wp-json\/wp\/v2\/media?parent=3804"}],"wp:term":[{"taxonomy":"category","embeddable":true,"href":"https:\/\/www.anofm.ro\/mures\/wp-json\/wp\/v2\/categories?post=3804"},{"taxonomy":"post_tag","embeddable":true,"href":"https:\/\/www.anofm.ro\/mures\/wp-json\/wp\/v2\/tags?post=3804"}],"curies":[{"name":"wp","href":"https:\/\/api.w.org\/{rel}","templated":true}]}}