{"id":380,"date":"2023-03-10T00:00:00","date_gmt":"2023-03-09T22:00:00","guid":{"rendered":"https:\/\/www.anofm.ro\/mures\/agenda-de-lucru-pentru-perioada-13-17-martie-2023\/"},"modified":"2023-03-10T00:00:00","modified_gmt":"2023-03-09T22:00:00","slug":"agenda-de-lucru-pentru-perioada-13-17-martie-2023","status":"publish","type":"post","link":"https:\/\/www.anofm.ro\/mures\/agenda-de-lucru-pentru-perioada-13-17-martie-2023\/","title":{"rendered":"Agenda de lucru pentru perioada 13 \u2013 17 martie 2023"},"content":{"rendered":"<div>Rela\u0163iile interinstitu\u0163ionale ale conducerii executive a AJOFM Mure\u015f \u00een perioada 13 martie \u2013 17 martie 2023<\/div>\n<div>PROGRAM DE AUDIENTE \u2013 on line<\/div>\n<div>Director Executiv \u2013 \u015eTEF GHEORGHE<\/div>\n<div>&#8211; Luni: 09.00 &#8211; 12.00<\/div>\n<div>Director Executiv Adjunct \u2013 BOGDAN ELISABETA<\/div>\n<div>&#8211; Miercuri: 09.00 &#8211; 12.00<\/div>\n<div>15-17 martie 2023<\/div>\n<div>Directorul executiv, domnul \u0218tef Gheorghe, va participa la \u00eent\u00e2nlirea de lucru organizat\u0103 de c\u0103tre conducerea Agen\u021biei Na\u021bionale pentru Ocuparea For\u021bei de Munc\u0103 cu directorii executivi ai unit\u0103\u021bilor subordonate, la Centrul Na\u021bional de Formare Profesional\u0103 Personalului Propriu R\u00e2\u0219nov, av\u00e2nd ca scop Evaluarea performan\u021belor profesionale individuale pentru anul 2022;<\/div>\n<div>14 martie 2023<\/div>\n<div>Directorul executiv adjunct, doamna Bogdan Elisabeta, va participa la Conferin\u021ba regional\u0103 \u201dFinan\u021b\u0103ri europene 2021-2027. \u00cempreun\u0103 dezvolt\u0103m regiunea!\u201d, organizat\u0103 de c\u0103tre Agen\u021bia pentru Dezvoltare Regional\u0103 Centru, \u00een Sala de Conferin\u021be a Palatului Culturii din Tg. Mure\u0219;<\/div>\n<div>Interviuri presa &#8211; la solicitare<\/div>\n","protected":false},"excerpt":{"rendered":"<p>Agenda de lucru pentru perioada 13 \u2013 17 martie 2023<\/p>\n","protected":false},"author":0,"featured_media":0,"comment_status":"closed","ping_status":"closed","sticky":false,"template":"","format":"standard","meta":{"footnotes":""},"categories":[2],"tags":[],"class_list":["post-380","post","type-post","status-publish","format-standard","hentry","category-agenda-de-lucru"],"_links":{"self":[{"href":"https:\/\/www.anofm.ro\/mures\/wp-json\/wp\/v2\/posts\/380","targetHints":{"allow":["GET"]}}],"collection":[{"href":"https:\/\/www.anofm.ro\/mures\/wp-json\/wp\/v2\/posts"}],"about":[{"href":"https:\/\/www.anofm.ro\/mures\/wp-json\/wp\/v2\/types\/post"}],"replies":[{"embeddable":true,"href":"https:\/\/www.anofm.ro\/mures\/wp-json\/wp\/v2\/comments?post=380"}],"version-history":[{"count":0,"href":"https:\/\/www.anofm.ro\/mures\/wp-json\/wp\/v2\/posts\/380\/revisions"}],"wp:attachment":[{"href":"https:\/\/www.anofm.ro\/mures\/wp-json\/wp\/v2\/media?parent=380"}],"wp:term":[{"taxonomy":"category","embeddable":true,"href":"https:\/\/www.anofm.ro\/mures\/wp-json\/wp\/v2\/categories?post=380"},{"taxonomy":"post_tag","embeddable":true,"href":"https:\/\/www.anofm.ro\/mures\/wp-json\/wp\/v2\/tags?post=380"}],"curies":[{"name":"wp","href":"https:\/\/api.w.org\/{rel}","templated":true}]}}