{"id":3798,"date":"2024-02-14T00:00:00","date_gmt":"2024-02-13T22:00:00","guid":{"rendered":"https:\/\/www.anofm.ro\/mures\/301-rata-somajului-inregistrat-in-evidentele-ajofm-mures-in-luna-decembrie-2023\/"},"modified":"2024-02-14T00:00:00","modified_gmt":"2024-02-13T22:00:00","slug":"301-rata-somajului-inregistrat-in-evidentele-ajofm-mures-in-luna-decembrie-2023","status":"publish","type":"post","link":"https:\/\/www.anofm.ro\/mures\/301-rata-somajului-inregistrat-in-evidentele-ajofm-mures-in-luna-decembrie-2023\/","title":{"rendered":"3,01 % &#8211; rata \u015fomajului \u00eenregistrat \u00een eviden\u0163ele AJOFM MURE\u0218 \u00een luna DECEMBRIE 2023"},"content":{"rendered":"<div>La sf\u00e2r\u0219itul lunii decembrie, \u00een eviden\u021bele Agen\u021biei Jude\u021bene pentru Ocuparea For\u021bei de Munc\u0103 MURE\u0218 erau \u00eenregistra\u021bi 6260 \u0219omeri (din care 2918 femei), rata \u0219omajului fiind de 3,01 %.<\/div>\n<div>Comparativ cu luna precedent\u0103, c\u00e2nd rata \u0219omajului a fost de 2,93%, \u00een aceast\u0103 lun\u0103 acest indicator a \u00eenregistrat o cre\u0219tere cu 0,08 pp.<\/div>\n<div>Din totalul de 6260 persoane \u00eenregistrate \u00een eviden\u021bele AJOFM MURES, 1221 erau beneficiari de indemniza\u021bie de \u015fomaj, iar 5039 erau \u0219omeri neindemniza\u021bi. \u00cen ceea ce prive\u0219te mediul de reziden\u021b\u0103, 4402 \u0219omeri provin din mediul rural \u0219i 1858 sunt din mediul urban.<\/div>\n<div class=\"file-list-wrap\">\n<ul class=\"file-list\">\n<li><a href=\"\/upload2\/Mure\u0219\/28675\/2024_01_23_Comunicat_de_presa_somaj.pdf\" download>2024_01_23_Comunicat_de_presa_somaj.pdf<\/a><\/li>\n<\/ul>\n<\/div>\n","protected":false},"excerpt":{"rendered":"<p>3,01 % &#8211; rata \u015fomajului \u00eenregistrat \u00een eviden\u0163ele AJOFM MURE\u0218 \u00een luna DECEMBRIE 2023<\/p>\n","protected":false},"author":0,"featured_media":0,"comment_status":"closed","ping_status":"closed","sticky":false,"template":"","format":"standard","meta":{"footnotes":""},"categories":[9],"tags":[],"class_list":["post-3798","post","type-post","status-publish","format-standard","hentry","category-comunicate-de-presa"],"_links":{"self":[{"href":"https:\/\/www.anofm.ro\/mures\/wp-json\/wp\/v2\/posts\/3798","targetHints":{"allow":["GET"]}}],"collection":[{"href":"https:\/\/www.anofm.ro\/mures\/wp-json\/wp\/v2\/posts"}],"about":[{"href":"https:\/\/www.anofm.ro\/mures\/wp-json\/wp\/v2\/types\/post"}],"replies":[{"embeddable":true,"href":"https:\/\/www.anofm.ro\/mures\/wp-json\/wp\/v2\/comments?post=3798"}],"version-history":[{"count":0,"href":"https:\/\/www.anofm.ro\/mures\/wp-json\/wp\/v2\/posts\/3798\/revisions"}],"wp:attachment":[{"href":"https:\/\/www.anofm.ro\/mures\/wp-json\/wp\/v2\/media?parent=3798"}],"wp:term":[{"taxonomy":"category","embeddable":true,"href":"https:\/\/www.anofm.ro\/mures\/wp-json\/wp\/v2\/categories?post=3798"},{"taxonomy":"post_tag","embeddable":true,"href":"https:\/\/www.anofm.ro\/mures\/wp-json\/wp\/v2\/tags?post=3798"}],"curies":[{"name":"wp","href":"https:\/\/api.w.org\/{rel}","templated":true}]}}