{"id":376,"date":"2023-03-02T00:00:00","date_gmt":"2023-03-01T22:00:00","guid":{"rendered":"https:\/\/www.anofm.ro\/mures\/baza-de-calcul-a-indemnizatiei-de-somaj-si-a-altor-masuri-de-stimulare-a-ocuparii-fortei-de-munca-oferite-de-ajofm-mures-se-majoreaza-de-la-1-martie\/"},"modified":"2023-03-02T00:00:00","modified_gmt":"2023-03-01T22:00:00","slug":"baza-de-calcul-a-indemnizatiei-de-somaj-si-a-altor-masuri-de-stimulare-a-ocuparii-fortei-de-munca-oferite-de-ajofm-mures-se-majoreaza-de-la-1-martie","status":"publish","type":"post","link":"https:\/\/www.anofm.ro\/mures\/baza-de-calcul-a-indemnizatiei-de-somaj-si-a-altor-masuri-de-stimulare-a-ocuparii-fortei-de-munca-oferite-de-ajofm-mures-se-majoreaza-de-la-1-martie\/","title":{"rendered":"Baza de calcul a indemniza\u021biei de \u0219omaj \u0219i a altor m\u0103suri de stimulare a ocup\u0103rii for\u021bei de munc\u0103 oferite de AJOFM Mure\u0219 se majoreaz\u0103 de la 1 martie"},"content":{"rendered":"<div>Agen\u021bia Jude\u021bean\u0103 pentru Ocuparea For\u021bei de Munc\u0103 Mure\u0219 aplic\u0103 m\u0103suri de stimulare a ocup\u0103rii for\u021bei de munc\u0103 \u0219i de cre\u0219terea gradului de ocupare a for\u021bei de munc\u0103 \u00een conformitate cu prevederile Legii nr. 76\/2002 privind sistemul asigur\u0103rilor pentru \u015fomaj \u015fi stimularea ocup\u0103rii for\u0163ei de munc\u0103.<\/div>\n<div>Conform prevederilor Legii nr. 225 din 26 iulie 2021, pentru modificarea \u015fi completarea Legii nr. 76\/2002 privind sistemul asigur\u0103rilor pentru \u015fomaj \u015fi stimularea ocup\u0103rii for\u0163ei de munc\u0103, Indicatorul Social de Referin\u021b\u0103 (ISR) se majoreaz\u0103, \u00een luna martie a fiec\u0103rui an, cu rata medie anual\u0103 a infla\u021biei, indicator definitiv comunicat de Institutul Na\u021bional de Statistic\u0103 (INS).<\/div>\n<div>\u00cen acest sens, indemniza\u021bia de \u0219omaj \u0219i celelalte drepturi stabilite prin Legea nr.76\/2002, cu excep\u021bia celor prev\u0103zute la art.72-75 \u0219i 80, care se raporteaz\u0103 la Indicatorul Social de Referin\u021b\u0103 (ISR) vor cre\u0219te de la 1 martie 2023, ca urmare a major\u0103rii acestui indicator, cu 13,8%, de la 525,5 lei la 598 lei<\/div>\n<div class=\"file-list-wrap\">\n<ul class=\"file-list\">\n<li><a href=\"\/upload2\/Mure\u0219\/25079\/2023_03_02_Comunicat_de_presa_majorare_baza_de_calcul_indemnizatie_somaj_-_ISR_-_2023.pdf\" download>2023_03_02_Comunicat_de_presa_majorare_baza_de_calcul_indemnizatie_somaj_-_ISR_-_2023.pdf<\/a><\/li>\n<\/ul>\n<\/div>\n","protected":false},"excerpt":{"rendered":"<p>Baza de calcul a indemniza\u021biei de \u0219omaj \u0219i a altor m\u0103suri de stimulare a ocup\u0103rii for\u021bei de munc\u0103 oferite de AJOFM Mure\u0219 se majoreaz\u0103 de la 1 martie<\/p>\n","protected":false},"author":0,"featured_media":0,"comment_status":"closed","ping_status":"closed","sticky":false,"template":"","format":"standard","meta":{"footnotes":""},"categories":[9],"tags":[],"class_list":["post-376","post","type-post","status-publish","format-standard","hentry","category-comunicate-de-presa"],"_links":{"self":[{"href":"https:\/\/www.anofm.ro\/mures\/wp-json\/wp\/v2\/posts\/376","targetHints":{"allow":["GET"]}}],"collection":[{"href":"https:\/\/www.anofm.ro\/mures\/wp-json\/wp\/v2\/posts"}],"about":[{"href":"https:\/\/www.anofm.ro\/mures\/wp-json\/wp\/v2\/types\/post"}],"replies":[{"embeddable":true,"href":"https:\/\/www.anofm.ro\/mures\/wp-json\/wp\/v2\/comments?post=376"}],"version-history":[{"count":0,"href":"https:\/\/www.anofm.ro\/mures\/wp-json\/wp\/v2\/posts\/376\/revisions"}],"wp:attachment":[{"href":"https:\/\/www.anofm.ro\/mures\/wp-json\/wp\/v2\/media?parent=376"}],"wp:term":[{"taxonomy":"category","embeddable":true,"href":"https:\/\/www.anofm.ro\/mures\/wp-json\/wp\/v2\/categories?post=376"},{"taxonomy":"post_tag","embeddable":true,"href":"https:\/\/www.anofm.ro\/mures\/wp-json\/wp\/v2\/tags?post=376"}],"curies":[{"name":"wp","href":"https:\/\/api.w.org\/{rel}","templated":true}]}}