{"id":368,"date":"2023-02-27T00:00:00","date_gmt":"2023-02-26T22:00:00","guid":{"rendered":"https:\/\/www.anofm.ro\/mures\/cursul-de-coafor-cu-ocazia-zilei-internationale-a-femeii\/"},"modified":"2023-02-27T00:00:00","modified_gmt":"2023-02-26T22:00:00","slug":"cursul-de-coafor-cu-ocazia-zilei-internationale-a-femeii","status":"publish","type":"post","link":"https:\/\/www.anofm.ro\/mures\/cursul-de-coafor-cu-ocazia-zilei-internationale-a-femeii\/","title":{"rendered":"Cursul de \u201eCoafor\u201d cu ocazia Zilei Interna\u0163ionale a Femeii"},"content":{"rendered":"<div>Agen\u0163ia Jude\u0163ean\u0103 pentru Ocuparea For\u0163ei de Munc\u0103 Mure\u015f \u00een colaborare cu C\u0103minul pentru persoane V\u00e2rstnice din Tg. Mure\u015f, organizeaz\u0103 \u00een data de 28 februarie 2023, cu ocazia Zilei Interna\u0163ionale a Femeii, o surpriz\u0103 persoanelor din acest c\u0103min, const\u00e2nd \u00een servicii de coafur\u0103 \u015fi frizerie gratuite pentru persoanele v\u00e2rstnice.<\/div>\n<div>&#8211; Cursul de \u201eCoafor\u201d, este organizat de AJOFM Mure\u0219 \u00een colaborare cu CRFPA Bra\u0219ov.<\/div>\n<div>Grupa de cursan\u0163i va fi la dispozi\u0163ia persoanelor v\u00e2rstnice \u00eentre orele 9,00-12,00.<\/div>\n<div>In acest interval, persoanele v\u00e2rstnice \u00ee\u015fi vor \u00eembun\u0103t\u0103\u0163i nu numai aspectul fizic ci \u015fi starea de spirit, datorit\u0103 aten\u0163iei cu care ace\u015ftia vor fi r\u0103sf\u0103\u0163a\u0163i.<\/div>\n<div class=\"file-list-wrap\">\n<ul class=\"file-list\">\n<li><a href=\"\/upload2\/Mure\u0219\/25006\/2023_02_27_Comunicat_de_presa_coafura.pdf\" download>2023_02_27_Comunicat_de_presa_coafura.pdf<\/a><\/li>\n<\/ul>\n<\/div>\n","protected":false},"excerpt":{"rendered":"<p>Cursul de \u201eCoafor\u201d cu ocazia Zilei Interna\u0163ionale a Femeii<\/p>\n","protected":false},"author":0,"featured_media":0,"comment_status":"closed","ping_status":"closed","sticky":false,"template":"","format":"standard","meta":{"footnotes":""},"categories":[9],"tags":[],"class_list":["post-368","post","type-post","status-publish","format-standard","hentry","category-comunicate-de-presa"],"_links":{"self":[{"href":"https:\/\/www.anofm.ro\/mures\/wp-json\/wp\/v2\/posts\/368","targetHints":{"allow":["GET"]}}],"collection":[{"href":"https:\/\/www.anofm.ro\/mures\/wp-json\/wp\/v2\/posts"}],"about":[{"href":"https:\/\/www.anofm.ro\/mures\/wp-json\/wp\/v2\/types\/post"}],"replies":[{"embeddable":true,"href":"https:\/\/www.anofm.ro\/mures\/wp-json\/wp\/v2\/comments?post=368"}],"version-history":[{"count":0,"href":"https:\/\/www.anofm.ro\/mures\/wp-json\/wp\/v2\/posts\/368\/revisions"}],"wp:attachment":[{"href":"https:\/\/www.anofm.ro\/mures\/wp-json\/wp\/v2\/media?parent=368"}],"wp:term":[{"taxonomy":"category","embeddable":true,"href":"https:\/\/www.anofm.ro\/mures\/wp-json\/wp\/v2\/categories?post=368"},{"taxonomy":"post_tag","embeddable":true,"href":"https:\/\/www.anofm.ro\/mures\/wp-json\/wp\/v2\/tags?post=368"}],"curies":[{"name":"wp","href":"https:\/\/api.w.org\/{rel}","templated":true}]}}