{"id":365,"date":"2023-02-21T00:00:00","date_gmt":"2023-02-20T22:00:00","guid":{"rendered":"https:\/\/www.anofm.ro\/mures\/agenda-de-lucru-pentru-perioada-20-24-februarie-2023\/"},"modified":"2023-02-21T00:00:00","modified_gmt":"2023-02-20T22:00:00","slug":"agenda-de-lucru-pentru-perioada-20-24-februarie-2023","status":"publish","type":"post","link":"https:\/\/www.anofm.ro\/mures\/agenda-de-lucru-pentru-perioada-20-24-februarie-2023\/","title":{"rendered":"Agenda de lucru pentru perioada 20 \u2013 24 februarie 2023"},"content":{"rendered":"<div>Rela\u0163iile interinstitu\u0163ionale ale conducerii executive a AJOFM Mure\u015f \u00een perioada 20 februarie \u2013 24 februarie 2023<\/div>\n<div>PROGRAM DE AUDIENTE \u2013 on line<\/div>\n<div>Director Executiv \u2013 \u015eTEF GHEORGHE<\/div>\n<div>&#8211; Luni: 09.00 &#8211; 12.00<\/div>\n<div>Director Executiv Adjunct \u2013 BOGDAN ELISABETA<\/div>\n<div>&#8211; Miercuri: 09.00 &#8211; 12.00<\/div>\n<div>20 februarie 2023<\/div>\n<div>Directorul executiv adjunct, doamna Bogdan Elisabeta, va participa la prima reuniune a Grupului Jude\u021bean de Coordonare a Tranzi\u021biei la Neutralitatea Climatic\u0103, organizat\u0103 de c\u0103tre Consiliul Jude\u021bean Mure\u0219, av\u00e2nd pe ordinea de zi: Prezentarea Programului Tranzi\u021bie Just\u0103, a Planului Teritorial de Tranzi\u021bie Just\u0103 \u00een Jude\u021bul Mure\u0219 \u0219i a Regulamentului de organizare \u0219i func\u021bionare a Grupului; Aprobarea Regulamentului de organizare \u0219i func\u021bionare a Grupului Jude\u021bean de Coordonare a Tranzi\u021biei la Neutralitatea Climatic\u0103; Nominalizarea \u0219i aprobarea reprezentantului \u00een Comitetul de Monitorizare (CM) a Programului Tranzi\u021bie Just\u0103; Sesiune de discu\u021bii;<\/div>\n<div>22 februarie 2023<\/div>\n<div>Directorul executiv, domnul \u0218tef Gheorghe, va participa la \u0219edin\u021ba Colegiului Prefectural al Jude\u021bului Mure\u0219, organizat\u0103 de c\u0103tre Institu\u021bia Prefectului Jude\u021bul Mure\u0219, \u00een Sala Mare de \u0219edin\u021be a Palatului Administrativ, av\u00e2nd pe ordinea de zi: Raportul de evaluare a activit\u0103\u021bii Inspectoratului pentru Situa\u021bii de Urgen\u021b\u0103 \u201cHorea\u201d al jude\u021bului Mure\u0219 pe anul 2022;<\/div>\n<div>22 februarie 2023<\/div>\n<div>Va avea loc \u0219edin\u021ba Consiliului Consultativ al AJOFM Mure\u0219, av\u00e2nd ca teme: Situa\u021bii financiare la data de 31.12.2022; Informare asupra situa\u0163iei de pe pia\u0163a muncii (rata \u015fomajului, locurile de munc\u0103 vacante, structura \u015fomajului, cuprinderea \u0219omerilor \u00een programele de m\u0103suri active de stimulare a ocup\u0103rii); Prezentarea stadiului de realizare al Programului de Investi\u021bii; Diverse;<\/div>\n<p>Directorul executiv adjunct, doamna Bogdan Elisabeta, va participa la \u0219edin\u021ba Comisiei de dialog social a Jude\u021bului Mure\u0219, organizat\u0103 de c\u0103tre Institu\u021bia Prefectului Jude\u021bul Mure\u0219, \u00een Sala Mic\u0103 de \u0219edin\u021be a Palatului Administrativ, av\u00e2nd ca tem\u0103: Dezbatere privind problemele din domeniul de interes al institu\u021biilor publice sau al partenerilor sociali;<\/p>\n<div>Interviuri presa<\/div>\n","protected":false},"excerpt":{"rendered":"<p>Agenda de lucru pentru perioada 20 \u2013 24 februarie 2023<\/p>\n","protected":false},"author":0,"featured_media":0,"comment_status":"closed","ping_status":"closed","sticky":false,"template":"","format":"standard","meta":{"footnotes":""},"categories":[2],"tags":[],"class_list":["post-365","post","type-post","status-publish","format-standard","hentry","category-agenda-de-lucru"],"_links":{"self":[{"href":"https:\/\/www.anofm.ro\/mures\/wp-json\/wp\/v2\/posts\/365","targetHints":{"allow":["GET"]}}],"collection":[{"href":"https:\/\/www.anofm.ro\/mures\/wp-json\/wp\/v2\/posts"}],"about":[{"href":"https:\/\/www.anofm.ro\/mures\/wp-json\/wp\/v2\/types\/post"}],"replies":[{"embeddable":true,"href":"https:\/\/www.anofm.ro\/mures\/wp-json\/wp\/v2\/comments?post=365"}],"version-history":[{"count":0,"href":"https:\/\/www.anofm.ro\/mures\/wp-json\/wp\/v2\/posts\/365\/revisions"}],"wp:attachment":[{"href":"https:\/\/www.anofm.ro\/mures\/wp-json\/wp\/v2\/media?parent=365"}],"wp:term":[{"taxonomy":"category","embeddable":true,"href":"https:\/\/www.anofm.ro\/mures\/wp-json\/wp\/v2\/categories?post=365"},{"taxonomy":"post_tag","embeddable":true,"href":"https:\/\/www.anofm.ro\/mures\/wp-json\/wp\/v2\/tags?post=365"}],"curies":[{"name":"wp","href":"https:\/\/api.w.org\/{rel}","templated":true}]}}