{"id":343,"date":"2023-01-20T00:00:00","date_gmt":"2023-01-19T22:00:00","guid":{"rendered":"https:\/\/www.anofm.ro\/mures\/3663-szemely-talalt-munkahelyet-a-maros-megyei-munkaero-foglalkoztatasi-ugynokseg-tamogatasaval\/"},"modified":"2023-01-20T00:00:00","modified_gmt":"2023-01-19T22:00:00","slug":"3663-szemely-talalt-munkahelyet-a-maros-megyei-munkaero-foglalkoztatasi-ugynokseg-tamogatasaval","status":"publish","type":"post","link":"https:\/\/www.anofm.ro\/mures\/3663-szemely-talalt-munkahelyet-a-maros-megyei-munkaero-foglalkoztatasi-ugynokseg-tamogatasaval\/","title":{"rendered":"3663 szem\u00e9ly tal\u00e1lt munkahelyet a Maros Megyei Munkaer\u0151 foglalkoztat\u00e1si \u00dcgyn\u00f6ks\u00e9g t\u00e1mogat\u00e1s\u00e1val"},"content":{"rendered":"<div>A 2022 es \u00e9v els\u0151 t\u00edz enk \u00e9t h\u00f3napj\u00e1ban az Orsz\u00e1gos Foglalkoztat\u00e1si Program keret\u00e9ben a<\/div>\n<div>Maros megyei \u00fcgyn\u00f6ks\u00e9g k\u00f6zvet\u00edt\u00e9s\u00e9vel 3663 szem\u00e9ly ker\u00fclt alkalmaz\u00e1sra, ebb\u0151l 1646 n\u0151.<\/div>\n<div>A referencia id\u0151pontig alkalmaz\u00e1sra ker\u00fcl\u0151 szem\u00e9lyek k\u00f6z\u00fcl \u00e9letkor szerint: 1695 45 \u00e9v<\/div>\n<div>f\u00f6l\u00f6tti; 560 35 \u00e9s 45 \u00e9v k\u00f6z\u00f6tt i; 353 30 \u00e9s 35 \u00e9v k\u00f6z\u00f6tti; 299 25 \u00e9s 29 \u00e9v k\u00f6z\u00f6tti 299<\/div>\n<div>NEET fiatal) \u00e9s 826 pedig 25 \u00e9v alatti fiatal ( 587 NEET fiatal).<\/div>\n<div class=\"file-list-wrap\">\n<ul class=\"file-list\">\n<li><a href=\"\/upload2\/Mure\u0219\/23753\/2023_01_20_Comunicat_de_presa_ocupare_hun.pdf\" download>2023_01_20_Comunicat_de_presa_ocupare_hun.pdf<\/a><\/li>\n<\/ul>\n<\/div>\n","protected":false},"excerpt":{"rendered":"<p>3663 szem\u00e9ly tal\u00e1lt munkahelyet a Maros Megyei Munkaer\u0151 foglalkoztat\u00e1si \u00dcgyn\u00f6ks\u00e9gt\u00e1mogat\u00e1s\u00e1val<\/p>\n","protected":false},"author":0,"featured_media":0,"comment_status":"closed","ping_status":"closed","sticky":false,"template":"","format":"standard","meta":{"footnotes":""},"categories":[9],"tags":[],"class_list":["post-343","post","type-post","status-publish","format-standard","hentry","category-comunicate-de-presa"],"_links":{"self":[{"href":"https:\/\/www.anofm.ro\/mures\/wp-json\/wp\/v2\/posts\/343","targetHints":{"allow":["GET"]}}],"collection":[{"href":"https:\/\/www.anofm.ro\/mures\/wp-json\/wp\/v2\/posts"}],"about":[{"href":"https:\/\/www.anofm.ro\/mures\/wp-json\/wp\/v2\/types\/post"}],"replies":[{"embeddable":true,"href":"https:\/\/www.anofm.ro\/mures\/wp-json\/wp\/v2\/comments?post=343"}],"version-history":[{"count":0,"href":"https:\/\/www.anofm.ro\/mures\/wp-json\/wp\/v2\/posts\/343\/revisions"}],"wp:attachment":[{"href":"https:\/\/www.anofm.ro\/mures\/wp-json\/wp\/v2\/media?parent=343"}],"wp:term":[{"taxonomy":"category","embeddable":true,"href":"https:\/\/www.anofm.ro\/mures\/wp-json\/wp\/v2\/categories?post=343"},{"taxonomy":"post_tag","embeddable":true,"href":"https:\/\/www.anofm.ro\/mures\/wp-json\/wp\/v2\/tags?post=343"}],"curies":[{"name":"wp","href":"https:\/\/api.w.org\/{rel}","templated":true}]}}