{"id":337,"date":"2023-01-06T00:00:00","date_gmt":"2023-01-05T22:00:00","guid":{"rendered":"https:\/\/www.anofm.ro\/mures\/agenda-de-lucru-pentru-perioada-09-ianuarie-13-ianuarie-2023\/"},"modified":"2023-01-06T00:00:00","modified_gmt":"2023-01-05T22:00:00","slug":"agenda-de-lucru-pentru-perioada-09-ianuarie-13-ianuarie-2023","status":"publish","type":"post","link":"https:\/\/www.anofm.ro\/mures\/agenda-de-lucru-pentru-perioada-09-ianuarie-13-ianuarie-2023\/","title":{"rendered":"Agenda de lucru pentru perioada 09 ianuarie \u2013 13 ianuarie 2023"},"content":{"rendered":"<div>Rela\u0163iile interinstitu\u0163ionale ale conducerii executive a AJOFM Mure\u015f \u00een perioada 09 ianuarie \u2013 13 ianuarie 2023<\/div>\n<div>PROGRAM DE AUDIENTE \u2013 on line<\/div>\n<div>Director Executiv \u2013 \u015eTEF GHEORGHE<\/div>\n<div>&#8211; Luni: 09.00 &#8211; 12.00<\/div>\n<div>Director Executiv Adjunct \u2013 BOGDAN ELISABETA<\/div>\n<div>&#8211; Miercuri: 09.00 &#8211; 12.00<\/div>\n<div>12 ianuarie 2023<\/div>\n<div>Directorul executiv adjunct, doamna Bogdan Elisabeta, va participa la evenimentul Dezbatere Regional\u0103 privind progresul \u00een implementarea Strategiei Na\u021bionale pentru Dezvoltarea Durabil\u0103 a Rom\u00e2niei 2030, organizat\u0103 de c\u0103tre Departamentul pentru Dezvoltare Durabil\u0103 \u00een cadrul proiectului \u201eRom\u00e2nia durabil\u0103 &#8211; dezvoltarea cadrului strategic \u0219i institu\u021bional pentru implementarea Strategiei Na\u021bionale pentru Dezvoltare Durabil\u0103 a Rom\u00e2niei 2030\u201d, cod SIPOCA 613\/mySMIS 127545, la la INCUBCENTER din T\u00e2rgu Mure\u0219;<\/div>\n<div>Interviuri presa &#8211; la solicitare<\/div>\n","protected":false},"excerpt":{"rendered":"<p>Agenda de lucru pentru perioada 09 ianuarie \u2013 13 ianuarie 2023<\/p>\n","protected":false},"author":0,"featured_media":0,"comment_status":"closed","ping_status":"closed","sticky":false,"template":"","format":"standard","meta":{"footnotes":""},"categories":[2],"tags":[],"class_list":["post-337","post","type-post","status-publish","format-standard","hentry","category-agenda-de-lucru"],"_links":{"self":[{"href":"https:\/\/www.anofm.ro\/mures\/wp-json\/wp\/v2\/posts\/337","targetHints":{"allow":["GET"]}}],"collection":[{"href":"https:\/\/www.anofm.ro\/mures\/wp-json\/wp\/v2\/posts"}],"about":[{"href":"https:\/\/www.anofm.ro\/mures\/wp-json\/wp\/v2\/types\/post"}],"replies":[{"embeddable":true,"href":"https:\/\/www.anofm.ro\/mures\/wp-json\/wp\/v2\/comments?post=337"}],"version-history":[{"count":0,"href":"https:\/\/www.anofm.ro\/mures\/wp-json\/wp\/v2\/posts\/337\/revisions"}],"wp:attachment":[{"href":"https:\/\/www.anofm.ro\/mures\/wp-json\/wp\/v2\/media?parent=337"}],"wp:term":[{"taxonomy":"category","embeddable":true,"href":"https:\/\/www.anofm.ro\/mures\/wp-json\/wp\/v2\/categories?post=337"},{"taxonomy":"post_tag","embeddable":true,"href":"https:\/\/www.anofm.ro\/mures\/wp-json\/wp\/v2\/tags?post=337"}],"curies":[{"name":"wp","href":"https:\/\/api.w.org\/{rel}","templated":true}]}}