{"id":314,"date":"2022-11-28T00:00:00","date_gmt":"2022-11-27T22:00:00","guid":{"rendered":"https:\/\/www.anofm.ro\/mures\/6-programe-de-formare-profesionala-vor-incepe-in-luna-decembrie-2022\/"},"modified":"2022-11-28T00:00:00","modified_gmt":"2022-11-27T22:00:00","slug":"6-programe-de-formare-profesionala-vor-incepe-in-luna-decembrie-2022","status":"publish","type":"post","link":"https:\/\/www.anofm.ro\/mures\/6-programe-de-formare-profesionala-vor-incepe-in-luna-decembrie-2022\/","title":{"rendered":"6 programe de formare profesional\u0103 vor \u00eencepe \u00een luna decembrie 2022"},"content":{"rendered":"<div>Agen\u021bia Jude\u021bean\u0103 pentru Ocuparea For\u021bei de Munc\u0103 Mure\u015f inten\u0163ioneaz\u0103 s\u0103 organizeze p\u00e2n\u0103 la 31 decembrie 2022, 6 programe de formare profesional\u0103 \u00een urm\u0103toarele meserii \u015fi ocupa\u0163ii :<\/div>\n<div>1. Inspector resurse umane, curs de specializare;<\/div>\n<div>2. Ingrijitor spa\u021bii verzi, curs de calificare;<\/div>\n<div>3. Lucr\u0103tor \u00een comer\u021b, curs de calificare;<\/div>\n<div>4. Femeie de serviciu, curs de calificare;<\/div>\n<div>5. \u00cengrijitoare b\u0103tr\u00e2ni la domiciliu, curs de calificare;<\/div>\n<div>6. Femeie de serviciu, curs de calificare.<\/div>\n<p>Informa\u021bii suplimentare despre cursurile organizate de AJOFM Mure\u0219 se pot ob\u021bine la telefon 0265\/263760, interior 115, oferta cursurilor de formare profesional\u0103 se poate vizualiza pe www.anofm.ro, selec\u021bie AJOFM Mure\u0219, la sec\u0163iunea \u201cPersoane fizice\/Cursuri de formare profesional\u0103.<\/p>\n<div class=\"file-list-wrap\">\n<ul class=\"file-list\">\n<li><a href=\"\/upload2\/Mure\u0219\/23116\/2022_11_21_Comunicat_cursuri_formare_profesionala_prognoza.pdf\" download>2022_11_21_Comunicat_cursuri_formare_profesionala_prognoza.pdf<\/a><\/li>\n<\/ul>\n<\/div>\n","protected":false},"excerpt":{"rendered":"<p>6 programe de formare profesional\u0103 vor \u00eencepe \u00een luna decembrie 2022<\/p>\n","protected":false},"author":0,"featured_media":0,"comment_status":"closed","ping_status":"closed","sticky":false,"template":"","format":"standard","meta":{"footnotes":""},"categories":[9],"tags":[],"class_list":["post-314","post","type-post","status-publish","format-standard","hentry","category-comunicate-de-presa"],"_links":{"self":[{"href":"https:\/\/www.anofm.ro\/mures\/wp-json\/wp\/v2\/posts\/314","targetHints":{"allow":["GET"]}}],"collection":[{"href":"https:\/\/www.anofm.ro\/mures\/wp-json\/wp\/v2\/posts"}],"about":[{"href":"https:\/\/www.anofm.ro\/mures\/wp-json\/wp\/v2\/types\/post"}],"replies":[{"embeddable":true,"href":"https:\/\/www.anofm.ro\/mures\/wp-json\/wp\/v2\/comments?post=314"}],"version-history":[{"count":0,"href":"https:\/\/www.anofm.ro\/mures\/wp-json\/wp\/v2\/posts\/314\/revisions"}],"wp:attachment":[{"href":"https:\/\/www.anofm.ro\/mures\/wp-json\/wp\/v2\/media?parent=314"}],"wp:term":[{"taxonomy":"category","embeddable":true,"href":"https:\/\/www.anofm.ro\/mures\/wp-json\/wp\/v2\/categories?post=314"},{"taxonomy":"post_tag","embeddable":true,"href":"https:\/\/www.anofm.ro\/mures\/wp-json\/wp\/v2\/tags?post=314"}],"curies":[{"name":"wp","href":"https:\/\/api.w.org\/{rel}","templated":true}]}}