{"id":30,"date":"2019-06-27T00:00:00","date_gmt":"2019-06-26T21:00:00","guid":{"rendered":"https:\/\/www.anofm.ro\/mures\/proacces-2-stimularea-mobilitatii-si-subventionarea-locurilor-de-munca-pentru-someri-si-inactivi\/"},"modified":"2019-06-27T00:00:00","modified_gmt":"2019-06-26T21:00:00","slug":"proacces-2-stimularea-mobilitatii-si-subventionarea-locurilor-de-munca-pentru-someri-si-inactivi","status":"publish","type":"post","link":"https:\/\/www.anofm.ro\/mures\/proacces-2-stimularea-mobilitatii-si-subventionarea-locurilor-de-munca-pentru-someri-si-inactivi\/","title":{"rendered":"PROACCES 2 \u2013 Stimularea mobilit\u0103\u021bii \u0219i subven\u021bionarea locurilor de munc\u0103 pentru \u0219omeri \u0219i inactivi"},"content":{"rendered":"<p><font style=\"font-size: 16px\">Obiectivul general al proiectului este cre\u015fterea oportunit\u0103\u0163ilor pentru \u00eencadrarea a 12.000 de \u015fomeri non-NEET, \u00eenregistra\u0163i la Serviciul Public de Ocupare \u015fi persoanelor inactive non-NEET prin stimularea mobilit\u0103\u0163ii \u015fi subven\u0163ionarea locurilor de munc\u0103.<\/font><\/p>\n<p><font style=\"font-size: 16px\"><a href=\"\/upload\/7290\/2019_06_27_Comunicat_presa_proacces2.pdf\">2019_06_27_Comunicat_presa_proacces2.pdf<\/a> <\/font><\/p>\n<p><font style=\"font-size: 16px\"><a href=\"\/upload\/7290\/Nota_informare_GDPR_proiect_Proacces_2.pdf\">Nota_informare_GDPR_proiect_Proacces_2.pdf<\/a> <\/font><\/p>\n<p><font style=\"font-size: 16px\"><a href=\"\/upload\/7290\/Brosura_PROACCES_2.pdf\">Nota_informare_proiect_Proacces_2.pdf<\/a><\/font><\/p>\n<p><font style=\"font-size: 16px\"><a href=\"\/upload\/7290\/Brosura_PROACCES_2.pdf\">Brosura PROACCES2<\/a><\/font><\/p>\n<\/p>\n<\/p>\n<\/p>\n<p><font style=\"font-size: 16px\"> <\/font><\/p>\n<p><font style=\"font-size: 16px\"><\/p>\n<p class=\"MsoBodyText\"><a href=\"\/upload\/7290\/Raport_iunie_2019_dec_2020.pdf\"><span lang=\"RO\" style=\"font-size: 12pt;font-family:\">RAPORT ACTIVITATE\u00a0<\/span><b style=\"text-align: center\"><span lang=\"RO\" style=\"font-size: 12pt;font-family:\">\u201ePROACCES 2 \u2013 Stimularea mobilit\u0103\u021bii \u0219i subven\u021bionarea locurilor de munc\u0103 pentru \u0219omeri \u0219i inactivi&#8221; POCU\/610\/3\/13\/130167 &#8211;\u00a0<\/span><\/b><b style=\"text-align: center\"><span lang=\"RO\" style=\"font-size: 12pt;font-family:\">Iunie 2019 &#8211; Iunie 2020<\/span><\/b><\/a><\/p>\n<p><\/font><\/p>\n<div class=\"file-list-wrap\">\n<ul class=\"file-list\">\n<li><a href=\"\/upload2\/Mure\u0219\/7290\/Brosura_PROACCES_2_iunie_2019_-_decembrie_2021.pdf\" download>Brosura_PROACCES_2_iunie_2019_-_decembrie_2021.pdf<\/a><\/li>\n<li><a href=\"\/upload2\/Mure\u0219\/7290\/Raport_PROIECT_PROACCES_2_iunie_2019-iulie_2022.pdf\" download>Raport_PROIECT_PROACCES_2_iunie_2019-iulie_2022.pdf<\/a><\/li>\n<\/ul>\n<\/div>\n","protected":false},"excerpt":{"rendered":"<p>PROACCES 2 \u2013 Stimularea mobilit\u0103\u021bii \u0219i subven\u021bionarealocurilor de munc\u0103 pentru \u0219omeri \u0219i inactivi<\/p>\n","protected":false},"author":0,"featured_media":0,"comment_status":"closed","ping_status":"closed","sticky":false,"template":"","format":"standard","meta":{"footnotes":""},"categories":[20],"tags":[],"class_list":["post-30","post","type-post","status-publish","format-standard","hentry","category-proiecte"],"_links":{"self":[{"href":"https:\/\/www.anofm.ro\/mures\/wp-json\/wp\/v2\/posts\/30","targetHints":{"allow":["GET"]}}],"collection":[{"href":"https:\/\/www.anofm.ro\/mures\/wp-json\/wp\/v2\/posts"}],"about":[{"href":"https:\/\/www.anofm.ro\/mures\/wp-json\/wp\/v2\/types\/post"}],"replies":[{"embeddable":true,"href":"https:\/\/www.anofm.ro\/mures\/wp-json\/wp\/v2\/comments?post=30"}],"version-history":[{"count":0,"href":"https:\/\/www.anofm.ro\/mures\/wp-json\/wp\/v2\/posts\/30\/revisions"}],"wp:attachment":[{"href":"https:\/\/www.anofm.ro\/mures\/wp-json\/wp\/v2\/media?parent=30"}],"wp:term":[{"taxonomy":"category","embeddable":true,"href":"https:\/\/www.anofm.ro\/mures\/wp-json\/wp\/v2\/categories?post=30"},{"taxonomy":"post_tag","embeddable":true,"href":"https:\/\/www.anofm.ro\/mures\/wp-json\/wp\/v2\/tags?post=30"}],"curies":[{"name":"wp","href":"https:\/\/api.w.org\/{rel}","templated":true}]}}