{"id":295,"date":"2022-10-05T00:00:00","date_gmt":"2022-10-04T21:00:00","guid":{"rendered":"https:\/\/www.anofm.ro\/mures\/intalnirea-de-lucru-a-reprezentantilor-retelelor-de-informare-ue-in-romania\/"},"modified":"2022-10-05T00:00:00","modified_gmt":"2022-10-04T21:00:00","slug":"intalnirea-de-lucru-a-reprezentantilor-retelelor-de-informare-ue-in-romania","status":"publish","type":"post","link":"https:\/\/www.anofm.ro\/mures\/intalnirea-de-lucru-a-reprezentantilor-retelelor-de-informare-ue-in-romania\/","title":{"rendered":"\u00cent\u00e2lnirea de lucru a reprezentan\u021bilor re\u021belelor de informare UE \u00een Rom\u00e2nia"},"content":{"rendered":"<p>Centrul de Informare Europe Direct Regiunea Centru, a organizat \u00een data de 30.09.2022, la sediul din R\u00e2\u0219nov, jud.Bra\u0219ov, \u00eent\u00e2lnirea de lucru din Regiunea Centru a reprezentan\u021bilor re\u021belelor de informare UE \u00een Rom\u00e2nia. La eveniment, Agen\u021bia Jude\u021bean\u0103 pentru Ocuparea For\u021bei de Munc\u0103 Mure\u0219, a fost reprezentat\u0103 de consilierul EURES.<\/p>\n<div class=\"file-list-wrap\">\n<ul class=\"file-list\">\n<li><a href=\"\/upload2\/Mure\u0219\/22632\/2022_10_04_Comunicat_intalnirea_reprezentantilor_retelelor_de_informare_UE.pdf\" download>2022_10_04_Comunicat_intalnirea_reprezentantilor_retelelor_de_informare_UE.pdf<\/a><\/li>\n<\/ul>\n<\/div>\n","protected":false},"excerpt":{"rendered":"<p>Centrul de Informare Europe Direct Regiunea Centru, a organizat \u00een data de 30.09.2022, la sediul din R\u00e2\u0219nov, jud.Bra\u0219ov, \u00eent\u00e2lnirea de lucru din Regiunea Centru a reprezentan\u021bilor re\u021belelor de informa<\/p>\n","protected":false},"author":0,"featured_media":0,"comment_status":"closed","ping_status":"closed","sticky":false,"template":"","format":"standard","meta":{"footnotes":""},"categories":[9],"tags":[],"class_list":["post-295","post","type-post","status-publish","format-standard","hentry","category-comunicate-de-presa"],"_links":{"self":[{"href":"https:\/\/www.anofm.ro\/mures\/wp-json\/wp\/v2\/posts\/295","targetHints":{"allow":["GET"]}}],"collection":[{"href":"https:\/\/www.anofm.ro\/mures\/wp-json\/wp\/v2\/posts"}],"about":[{"href":"https:\/\/www.anofm.ro\/mures\/wp-json\/wp\/v2\/types\/post"}],"replies":[{"embeddable":true,"href":"https:\/\/www.anofm.ro\/mures\/wp-json\/wp\/v2\/comments?post=295"}],"version-history":[{"count":0,"href":"https:\/\/www.anofm.ro\/mures\/wp-json\/wp\/v2\/posts\/295\/revisions"}],"wp:attachment":[{"href":"https:\/\/www.anofm.ro\/mures\/wp-json\/wp\/v2\/media?parent=295"}],"wp:term":[{"taxonomy":"category","embeddable":true,"href":"https:\/\/www.anofm.ro\/mures\/wp-json\/wp\/v2\/categories?post=295"},{"taxonomy":"post_tag","embeddable":true,"href":"https:\/\/www.anofm.ro\/mures\/wp-json\/wp\/v2\/tags?post=295"}],"curies":[{"name":"wp","href":"https:\/\/api.w.org\/{rel}","templated":true}]}}