{"id":294,"date":"2022-10-03T00:00:00","date_gmt":"2022-10-02T21:00:00","guid":{"rendered":"https:\/\/www.anofm.ro\/mures\/facilitarea-insertiei-pe-piata-muncii-a-persoanelor-cu-dizabilitati-2\/"},"modified":"2022-10-03T00:00:00","modified_gmt":"2022-10-02T21:00:00","slug":"facilitarea-insertiei-pe-piata-muncii-a-persoanelor-cu-dizabilitati-2","status":"publish","type":"post","link":"https:\/\/www.anofm.ro\/mures\/facilitarea-insertiei-pe-piata-muncii-a-persoanelor-cu-dizabilitati-2\/","title":{"rendered":"Facilitarea inser\u021biei pe pia\u021ba muncii a persoanelor cu dizabilit\u0103\u021bi"},"content":{"rendered":"<div>Autoritatea Na\u021bional\u0103 pentru Protec\u021bia Drepturilor Persoanelor cu Dizabilit\u0103\u021bi, \u00een parteneriat cu Agen-\u021bia Na\u021bional\u0103 pentru Ocuparea For\u021bei de Munc\u0103, implementeaz\u0103 proiectul \u201dFacilitarea inser\u021biei pe pia\u021ba muncii a persoanelor cu dizabilit\u0103\u021bi\u201d, Cod MySMIS2014+: 130164, proiect cofinan\u021bat \u00een cadrul Programului Opera\u021bional Capital Uman 2014-2020, Axa prioritar\u0103 3 \u2013 Locuri de munc\u0103 pentru to\u021bi, Obi-ectivul specific 3.1. Cre\u0219terea ocup\u0103rii \u0219omerilor \u0219i a persoanelor inactive, cu accent pe \u0219omerii de lung\u0103 durat\u0103, lucr\u0103torii v\u00e2rstnici (55-64 ani), persoanelor cu dizabilit\u0103\u021bi, persoanelor cu nivel redus de educa\u021bie.<\/div>\n<div>Durata proiectului este de 50 luni, iar obiectivul general este reprezentat de asigurarea accesului persoanelor cu dizabilit\u0103\u021bi, \u00een condi\u021bii de egalitate cu ceilal\u021bi, la mediul fizic, informa\u021bional \u0219i comu-nica\u021bional, \u00een vederea cre\u0219terii \u0219anselor de ocupare \u0219i a ponderii persoanelor cu dizabilit\u0103\u021bi angajate pe pia\u021ba liber\u0103 a muncii.<\/div>\n<div>Data de \u00eencepere a proiectului: 23.05.2019<\/div>\n<div>Data de finalizare a proiectului: 31.07.2023<\/div>\n<div>Valoarea total\u0103 a proiectului 111.978.816,40 lei din care 94.549.862,89 lei cofinan\u021bare UE.<\/div>\n","protected":false},"excerpt":{"rendered":"<p>Facilitarea inser\u021biei pe pia\u021ba muncii a persoanelor cu dizabilit\u0103\u021bi<\/p>\n","protected":false},"author":0,"featured_media":0,"comment_status":"closed","ping_status":"closed","sticky":false,"template":"","format":"standard","meta":{"footnotes":""},"categories":[9],"tags":[],"class_list":["post-294","post","type-post","status-publish","format-standard","hentry","category-comunicate-de-presa"],"_links":{"self":[{"href":"https:\/\/www.anofm.ro\/mures\/wp-json\/wp\/v2\/posts\/294","targetHints":{"allow":["GET"]}}],"collection":[{"href":"https:\/\/www.anofm.ro\/mures\/wp-json\/wp\/v2\/posts"}],"about":[{"href":"https:\/\/www.anofm.ro\/mures\/wp-json\/wp\/v2\/types\/post"}],"replies":[{"embeddable":true,"href":"https:\/\/www.anofm.ro\/mures\/wp-json\/wp\/v2\/comments?post=294"}],"version-history":[{"count":0,"href":"https:\/\/www.anofm.ro\/mures\/wp-json\/wp\/v2\/posts\/294\/revisions"}],"wp:attachment":[{"href":"https:\/\/www.anofm.ro\/mures\/wp-json\/wp\/v2\/media?parent=294"}],"wp:term":[{"taxonomy":"category","embeddable":true,"href":"https:\/\/www.anofm.ro\/mures\/wp-json\/wp\/v2\/categories?post=294"},{"taxonomy":"post_tag","embeddable":true,"href":"https:\/\/www.anofm.ro\/mures\/wp-json\/wp\/v2\/tags?post=294"}],"curies":[{"name":"wp","href":"https:\/\/api.w.org\/{rel}","templated":true}]}}