{"id":293,"date":"2022-09-29T00:00:00","date_gmt":"2022-09-28T21:00:00","guid":{"rendered":"https:\/\/www.anofm.ro\/mures\/oktoberben-altalanos-allasborzet-szervez-frissen-vegzetteknek-a-maros-megyei-munkaero-foglalkoztatasi-ugynokseg\/"},"modified":"2022-09-29T00:00:00","modified_gmt":"2022-09-28T21:00:00","slug":"oktoberben-altalanos-allasborzet-szervez-frissen-vegzetteknek-a-maros-megyei-munkaero-foglalkoztatasi-ugynokseg","status":"publish","type":"post","link":"https:\/\/www.anofm.ro\/mures\/oktoberben-altalanos-allasborzet-szervez-frissen-vegzetteknek-a-maros-megyei-munkaero-foglalkoztatasi-ugynokseg\/","title":{"rendered":"Okt\u00f3berben \u00e1ltal\u00e1nos \u00e1ll\u00e1sb\u00f6rz\u00e9t szervez frissen v\u00e9gzetteknek a Maros megyei Munkaer\u0151 foglalkoztat\u00e1si \u00dcgyn\u00f6ks\u00e9g"},"content":{"rendered":"<div>A Maros Megyei<\/div>\n<div>Munkaer\u0151 foglalkoztat\u00e1si \u00dcgyn\u00f6ks\u00e9g frissen v\u00e9gzetteknek szervez \u00e1ll\u00e1sb\u00f6rz\u00e9t Maros<\/div>\n<div>megy\u00e9ben, 2022. okt\u00f3ber 14 \u00e9n, reggel 9 \u00f3r\u00e1t\u00f3l kezd\u0151d\u0151en, a k\u00f6vetkez\u0151 helysz\u00edneken:<\/div>\n<p><\/p>\n<div>Marosv\u00e1s\u00e1rhely, M\u0171v\u00e9sz mozi, R\u00f3zs\u00e1k tere 35 37. sz.;<\/div>\n<div>Sz\u00e1szr\u00e9gen, az \u00dcgyn\u00f6ks\u00e9g munkapon tj\u00e1n, K\u00f6zt\u00e1rsas\u00e1g u. 14. sz.;<\/div>\n<div>Dics\u0151szentm\u00e1rton, az \u00dcgyn\u00f6ks\u00e9g munkapontj\u00e1n, K\u00f6zt\u00e1rsas\u00e1g u. 30. sz. III. emelet;<\/div>\n<div>Segesv\u00e1r, az \u00dcgyn\u00f6ks\u00e9g munkapontj\u00e1n, Dumbravei u. 2. sz\u00e1m;<\/div>\n<div>Marosludas, az \u00dcgyn\u00f6ks\u00e9g munkapontj\u00e1n, K\u00f6zt\u00e1rsas\u00e1g u. 43. sz.;<\/div>\n<div>Szov\u00e1ta, az \u00dcgy n\u00f6ks\u00e9g munkapontj\u00e1n, R\u00f3zs\u00e1k \u00fatja 25. sz.;<\/div>\n<div class=\"file-list-wrap\">\n<ul class=\"file-list\">\n<li><a href=\"\/upload2\/Mure\u0219\/22572\/2022_09_28_Comunicat_de_presa_organizare_bursa_absolventi_hun.pdf\" download>2022_09_28_Comunicat_de_presa_organizare_bursa_absolventi_hun.pdf<\/a><\/li>\n<\/ul>\n<\/div>\n","protected":false},"excerpt":{"rendered":"<p>Okt\u00f3berben \u00e1ltal\u00e1nos \u00e1ll\u00e1sb\u00f6rz\u00e9t szervez frissen v\u00e9gzetteknek a Maros megyei Munkaer\u0151foglalkoztat\u00e1si \u00dcgyn\u00f6ks\u00e9g<\/p>\n","protected":false},"author":0,"featured_media":0,"comment_status":"closed","ping_status":"closed","sticky":false,"template":"","format":"standard","meta":{"footnotes":""},"categories":[9],"tags":[],"class_list":["post-293","post","type-post","status-publish","format-standard","hentry","category-comunicate-de-presa"],"_links":{"self":[{"href":"https:\/\/www.anofm.ro\/mures\/wp-json\/wp\/v2\/posts\/293","targetHints":{"allow":["GET"]}}],"collection":[{"href":"https:\/\/www.anofm.ro\/mures\/wp-json\/wp\/v2\/posts"}],"about":[{"href":"https:\/\/www.anofm.ro\/mures\/wp-json\/wp\/v2\/types\/post"}],"replies":[{"embeddable":true,"href":"https:\/\/www.anofm.ro\/mures\/wp-json\/wp\/v2\/comments?post=293"}],"version-history":[{"count":0,"href":"https:\/\/www.anofm.ro\/mures\/wp-json\/wp\/v2\/posts\/293\/revisions"}],"wp:attachment":[{"href":"https:\/\/www.anofm.ro\/mures\/wp-json\/wp\/v2\/media?parent=293"}],"wp:term":[{"taxonomy":"category","embeddable":true,"href":"https:\/\/www.anofm.ro\/mures\/wp-json\/wp\/v2\/categories?post=293"},{"taxonomy":"post_tag","embeddable":true,"href":"https:\/\/www.anofm.ro\/mures\/wp-json\/wp\/v2\/tags?post=293"}],"curies":[{"name":"wp","href":"https:\/\/api.w.org\/{rel}","templated":true}]}}