{"id":2698,"date":"2023-12-13T00:00:00","date_gmt":"2023-12-12T22:00:00","guid":{"rendered":"https:\/\/www.anofm.ro\/mures\/agenda-de-lucru-pentru-perioada-11-decembrie-15-decembrie-2023\/"},"modified":"2023-12-13T00:00:00","modified_gmt":"2023-12-12T22:00:00","slug":"agenda-de-lucru-pentru-perioada-11-decembrie-15-decembrie-2023","status":"publish","type":"post","link":"https:\/\/www.anofm.ro\/mures\/agenda-de-lucru-pentru-perioada-11-decembrie-15-decembrie-2023\/","title":{"rendered":"Agenda de lucru pentru perioada 11 DECEMBRIE \u2013 15 DECEMBRIE 2023"},"content":{"rendered":"<p>Rela\u0163iile interinstitu\u0163ionale ale conducerii executive a AJOFM Mure\u015f \u00een perioada 11 DECEMBRIE \u2013 15 DECEMBRIE 2023<\/p>\n<p>PROGRAM DE AUDIENTE<\/p>\n<p>Director Executiv \u2013 \u015eTEF GHEORGHE<\/p>\n<p>&#8211; Luni: 09.00 &#8211; 12.00<\/p>\n<p>Director Executiv Adjunct \u2013 BOGDAN ELISABETA<\/p>\n<p>&#8211; Miercuri: 09.00 &#8211; 12.00<\/p>\n<p>11 decembrie 2023<\/p>\n<p>Directorul executiv, domnul \u0218tef Gheorghe, va participa la \u0219edin\u021ba de lucru a Comisiei Jude\u021bene privind Incluziunea Social\u0103 Mure\u0219, organizat\u0103 de c\u0103tre Institu\u021bia Prefectului Jude\u021bul Mure\u0219, \u00een Sala Mic\u0103 de \u0219edin\u021be a Palatului Administrativ, av\u00e2nd pe ordinea de zi: situa\u021bia respect\u0103rii drepturilor persoanelor v\u00e2rstnice \u0219i a celor cu dizabilit\u0103\u021bi, institu\u021bionalizate \/ internate \u00een centrele reziden\u021biale, c\u0103mine sau spitale \u0219i sec\u021bii de psihiatrie;<\/p>\n<p>14 decembrie 2023<\/p>\n<p>Directorul executiv adjunct, doamna Bogdan Elisabeta, va participa la \u0219edin\u021ba Comitetului pentru accelerarea procesului de dezinstitu\u021bionalizare \u0219i de prevenire a institu\u021bionaliz\u0103rii a Jude\u021bului Mure\u0219, organizat\u0103 de c\u0103tre Direc\u021bia General\u0103 de Asisten\u021b\u0103 Social\u0103 \u0219i Protec\u021bia Copilului Mure\u0219, \u00een Sala Mare de \u0219edin\u021be Direc\u021biei Generale de Asisten\u021b\u0103 Social\u0103 \u0219i Protec\u021bia Copilului Mure\u0219, av\u00e2nd pe ordinea de zi: Aprobarea procesului verbal din data de 26.09.2023 de c\u0103tre membrii Comitetului pentru accelerarea procesului de dezinstitu\u021bionalizare \u0219i de prevenire a institu\u021bionaliz\u0103rii jude\u021bului Mure\u0219, Nout\u0103\u021bi legislative cu impact asupra serviciilor sociale \u0219i a procesului de dezinstitu\u021bionalizare \u0219i Stadiul procesului de dezinstitu\u021bionalizare \u00een Centrele Reziden\u021biale pentru persoanele adulte cu dizabilit\u0103\u021bi aflat\u0103 \u00een structura DGASPC Mure\u0219;<\/p>\n<p>Interviuri presa &#8211; la solicitare<\/p>\n","protected":false},"excerpt":{"rendered":"<p>Agenda de lucru pentru perioada 11 DECEMBRIE \u2013 15 DECEMBRIE 2023<\/p>\n","protected":false},"author":0,"featured_media":0,"comment_status":"closed","ping_status":"closed","sticky":false,"template":"","format":"standard","meta":{"footnotes":""},"categories":[2],"tags":[],"class_list":["post-2698","post","type-post","status-publish","format-standard","hentry","category-agenda-de-lucru"],"_links":{"self":[{"href":"https:\/\/www.anofm.ro\/mures\/wp-json\/wp\/v2\/posts\/2698","targetHints":{"allow":["GET"]}}],"collection":[{"href":"https:\/\/www.anofm.ro\/mures\/wp-json\/wp\/v2\/posts"}],"about":[{"href":"https:\/\/www.anofm.ro\/mures\/wp-json\/wp\/v2\/types\/post"}],"replies":[{"embeddable":true,"href":"https:\/\/www.anofm.ro\/mures\/wp-json\/wp\/v2\/comments?post=2698"}],"version-history":[{"count":0,"href":"https:\/\/www.anofm.ro\/mures\/wp-json\/wp\/v2\/posts\/2698\/revisions"}],"wp:attachment":[{"href":"https:\/\/www.anofm.ro\/mures\/wp-json\/wp\/v2\/media?parent=2698"}],"wp:term":[{"taxonomy":"category","embeddable":true,"href":"https:\/\/www.anofm.ro\/mures\/wp-json\/wp\/v2\/categories?post=2698"},{"taxonomy":"post_tag","embeddable":true,"href":"https:\/\/www.anofm.ro\/mures\/wp-json\/wp\/v2\/tags?post=2698"}],"curies":[{"name":"wp","href":"https:\/\/api.w.org\/{rel}","templated":true}]}}