{"id":264,"date":"2022-07-27T00:00:00","date_gmt":"2022-07-26T21:00:00","guid":{"rendered":"https:\/\/www.anofm.ro\/mures\/agenda-de-lucru-pentru-perioada-25-29-iulie-2022\/"},"modified":"2022-07-27T00:00:00","modified_gmt":"2022-07-26T21:00:00","slug":"agenda-de-lucru-pentru-perioada-25-29-iulie-2022","status":"publish","type":"post","link":"https:\/\/www.anofm.ro\/mures\/agenda-de-lucru-pentru-perioada-25-29-iulie-2022\/","title":{"rendered":"Agenda de lucru pentru perioada 25  \u2013 29 iulie 2022"},"content":{"rendered":"<div>Rela\u0163iile interinstitu\u0163ionale ale conducerii executive a AJOFM Mure\u015f \u00een perioada 25 iulie \u2013 29 iulie 2022<\/div>\n<div><\/div>\n<div>PROGRAM DE AUDIENTE \u2013 on line<\/div>\n<div>Director Executiv \u2013 \u015eTEF GHEORGHE<\/div>\n<div>&#8211; Luni: 09.00 &#8211; 12.00<\/div>\n<div>Director Executiv Adjunct \u2013 BOGDAN ELISABETA<\/div>\n<div>&#8211; Miercuri: 09.00 &#8211; 12.00<\/div>\n<div><\/div>\n<div>25 iulie 2022<\/div>\n<div>Va avea loc \u0219edin\u021ba Consiliului Consultativ al AJOFM Mure\u0219, av\u00e2nd ca teme: Contul de execu\u0163ie al bugetului asigur\u0103rilor pentru \u015fomaj la data de 30.06.2022; Informare asupra situa\u0163iei de pe pia\u0163a muncii (rata \u015fomajului, locurile de munc\u0103 vacante, structura \u015fomajului, cuprinderea \u0219omerilor \u00een programele de m\u0103suri active de stimulare a ocup\u0103rii); Prezentarea stadiului de realizare al Programului de Investi\u021bii; Diverse.<\/div>\n<div><\/div>\n<div>27 iulie 2022<\/div>\n<div>Directorul executiv, domnul \u0218tef Gheorghe, va participa la \u0219edin\u021ba Colegiului Prefectural al Jude\u021bului Mure\u0219, organizat\u0103 de c\u0103tre Institu\u021bia Prefectului Jude\u021bul Mure\u0219, \u00een Sala Mare de \u0219edin\u021be a Palatului Administrativ, av\u00e2nd pe ordinea de zi Activitatea Casei Jude\u021bene de Pensii Mure\u0219 \u0219i Activitatea Direc\u021biei Jude\u021bene pentru Sport Mure\u0219.<\/div>\n<div><\/div>\n<div>29 iulie 2022<\/div>\n<div>Directorul executiv, domnul \u0218tef Gheorghe, va participa la \u0219edin\u021ba Comisiei de dialog social a jude\u021bului Mure\u0219, organizat\u0103 de c\u0103tre Institu\u021bia Prefectului Jude\u021bul Mure\u0219, \u00een Sala Mic\u0103 de \u0219edin\u021be a Palatului Administrativ, av\u00e2nd ca tem\u0103: Dezbatere privind problemele din domeniul de interes al institu\u021biilor publice sau al partenerilor sociali; Diverse.<\/div>\n<p>Interviuri presa &#8211; la solicitare<\/p>\n","protected":false},"excerpt":{"rendered":"<p>Agenda de lucru pentru perioada 25  \u2013 29 iulie 2022<\/p>\n","protected":false},"author":0,"featured_media":0,"comment_status":"closed","ping_status":"closed","sticky":false,"template":"","format":"standard","meta":{"footnotes":""},"categories":[2],"tags":[],"class_list":["post-264","post","type-post","status-publish","format-standard","hentry","category-agenda-de-lucru"],"_links":{"self":[{"href":"https:\/\/www.anofm.ro\/mures\/wp-json\/wp\/v2\/posts\/264","targetHints":{"allow":["GET"]}}],"collection":[{"href":"https:\/\/www.anofm.ro\/mures\/wp-json\/wp\/v2\/posts"}],"about":[{"href":"https:\/\/www.anofm.ro\/mures\/wp-json\/wp\/v2\/types\/post"}],"replies":[{"embeddable":true,"href":"https:\/\/www.anofm.ro\/mures\/wp-json\/wp\/v2\/comments?post=264"}],"version-history":[{"count":0,"href":"https:\/\/www.anofm.ro\/mures\/wp-json\/wp\/v2\/posts\/264\/revisions"}],"wp:attachment":[{"href":"https:\/\/www.anofm.ro\/mures\/wp-json\/wp\/v2\/media?parent=264"}],"wp:term":[{"taxonomy":"category","embeddable":true,"href":"https:\/\/www.anofm.ro\/mures\/wp-json\/wp\/v2\/categories?post=264"},{"taxonomy":"post_tag","embeddable":true,"href":"https:\/\/www.anofm.ro\/mures\/wp-json\/wp\/v2\/tags?post=264"}],"curies":[{"name":"wp","href":"https:\/\/api.w.org\/{rel}","templated":true}]}}