{"id":259,"date":"2022-07-27T00:00:00","date_gmt":"2022-07-26T21:00:00","guid":{"rendered":"https:\/\/www.anofm.ro\/mures\/3-programe-de-formare-profesionala-vor-incepe-in-luna-august-2022\/"},"modified":"2022-07-27T00:00:00","modified_gmt":"2022-07-26T21:00:00","slug":"3-programe-de-formare-profesionala-vor-incepe-in-luna-august-2022","status":"publish","type":"post","link":"https:\/\/www.anofm.ro\/mures\/3-programe-de-formare-profesionala-vor-incepe-in-luna-august-2022\/","title":{"rendered":"3 programe de formare profesional\u0103 vor \u00eencepe \u00een luna august 2022"},"content":{"rendered":"<div>Agen\u021bia Jude\u021bean\u0103 pentru Ocuparea For\u021bei de Munc\u0103 Mure\u015f inten\u0163ioneaz\u0103 s\u0103 organizeze p\u00e2n\u0103 la 31 august 2022, 3 programe de formare profesional\u0103 \u00een urm\u0103toarele meserii \u015fi ocupa\u0163ii :<\/div>\n<div>1. Manager de proiect \u2013 curs de perfec\u021bionare;<\/div>\n<div>2. Comerciant v\u00e2nz\u0103tor produse alimentare &#8211; curs de calificare;<\/div>\n<div>3. Operator calculator eletronic \u0219i re\u021bele &#8211; curs de ini\u0163iere.<\/div>\n<div>\u00cen anul 2022, agen\u021bia a organizat 16 programe de formare profesional\u0103, din care: 15 programe pentru \u0219omeri \u0219i un program pentru persoanele aflate \u00een deten\u021bie, la care au fost cuprinse un num\u0103r de 207 persoane, din care: 197 \u015fomeri \u0219i 10 persoane aflate \u00een deten\u021bie. \u00cen urma absolvirii programelor de formare profesional\u0103 la care au participat, 90 persoane s-au \u00eencadrat \u00een munc\u0103.<\/div>\n<div>Documentele necesare sunt:cartea de identitate, certificat de na\u0219tere\/c\u0103s\u0103torie (dac\u0103 e cazul) \u0219i diploma\/adeverin\u021ba de studii.<\/div>\n<div>Serviciile de formare profesional\u0103 asigur\u0103 cre\u015fterea \u015fi diversificarea competen\u021belor profesionale \u00een scopul asigur\u0103rii mobilit\u0103\u0163ii \u015fi reintegr\u0103rii pe pia\u0163a muncii.<\/div>\n<div>Cursurile sunt gratuite pentru persoanele \u00eenregistrate \u00een eviden\u021bele Agen\u021biei Jude\u021bene pentru Ocuparea For\u021bei de Munc\u0103 Mure\u0219 \u0219i care se reg\u0103sesc \u00een una din urm\u0103toarele situa\u021bii:<\/div>\n<div>&#8211; sunt \u0219omeri;<\/div>\n<div>&#8211; sunt absolven\u021bi ai institu\u021biilor de \u00eenv\u0103\u021b\u0103m\u00e2nt;<\/div>\n<div>&#8211; au ob\u0163inut statutul de refugiat sau beneficiaz\u0103 de alt\u0103 form\u0103 de protec\u0163ie interna\u0163ional\u0103, conform legii, sau se afl\u0103 \u00een procedura de solu\u0163ionare a cererii de azil \u015fi au acces pe pia\u0163a muncii;<\/div>\n<div>&#8211; sunt cet\u0103\u0163eni str\u0103ini sau apatrizi care au fost \u00eencadra\u0163i \u00een munc\u0103 sau au realizat venituri \u00een Rom\u00e2nia sau care au drept de munc\u0103 pe teritoriul Rom\u00e2niei;<\/div>\n<div>&#8211; nu au putut ocupa loc de munc\u0103 dup\u0103 repatriere sau dup\u0103 eliberarea din deten\u0163ie; desf\u0103\u015foar\u0103 activit\u0103\u0163i \u00een mediul rural \u015fi nu realizeaz\u0103 venituri lunare sau realizeaz\u0103 venituri mai mici dec\u00e2t valoarea indicatorului social de referin\u0163\u0103 \u00een vigoare.<\/div>\n<div>De asemenea, persoanele private de libertate beneficiaz\u0103 de cursuri gratuite de formare profesional\u0103, iar \u00een cursul lunii mai, va fi organizat un curs de calificare \u00een meseria de Ajutor buc\u0103tar.<\/div>\n<div>Informa\u021bii suplimentare despre cursurile organizate de AJOFM Mure\u0219 se pot ob\u021bine la telefon 0265\/263760, interior 115, oferta cursurilor de formare profesional\u0103 se poate vizualiza pe www.anofm.ro, selec\u021bie AJOFM Mure\u0219, la sec\u0163iunea \u201cPersoane fizice\/Cursuri de formare profesional\u0103.<\/div>\n<div class=\"file-list-wrap\">\n<ul class=\"file-list\">\n<li><a href=\"\/upload2\/Mure\u0219\/21802\/2022_07_21_Comunicat_cursuri_formare_profesionala_prognoza.pdf\" download>2022_07_21_Comunicat_cursuri_formare_profesionala_prognoza.pdf<\/a><\/li>\n<\/ul>\n<\/div>\n","protected":false},"excerpt":{"rendered":"<p>3 programe de formare profesional\u0103 vor \u00eencepe \u00een luna august 2022<\/p>\n","protected":false},"author":0,"featured_media":0,"comment_status":"closed","ping_status":"closed","sticky":false,"template":"","format":"standard","meta":{"footnotes":""},"categories":[9],"tags":[],"class_list":["post-259","post","type-post","status-publish","format-standard","hentry","category-comunicate-de-presa"],"_links":{"self":[{"href":"https:\/\/www.anofm.ro\/mures\/wp-json\/wp\/v2\/posts\/259","targetHints":{"allow":["GET"]}}],"collection":[{"href":"https:\/\/www.anofm.ro\/mures\/wp-json\/wp\/v2\/posts"}],"about":[{"href":"https:\/\/www.anofm.ro\/mures\/wp-json\/wp\/v2\/types\/post"}],"replies":[{"embeddable":true,"href":"https:\/\/www.anofm.ro\/mures\/wp-json\/wp\/v2\/comments?post=259"}],"version-history":[{"count":0,"href":"https:\/\/www.anofm.ro\/mures\/wp-json\/wp\/v2\/posts\/259\/revisions"}],"wp:attachment":[{"href":"https:\/\/www.anofm.ro\/mures\/wp-json\/wp\/v2\/media?parent=259"}],"wp:term":[{"taxonomy":"category","embeddable":true,"href":"https:\/\/www.anofm.ro\/mures\/wp-json\/wp\/v2\/categories?post=259"},{"taxonomy":"post_tag","embeddable":true,"href":"https:\/\/www.anofm.ro\/mures\/wp-json\/wp\/v2\/tags?post=259"}],"curies":[{"name":"wp","href":"https:\/\/api.w.org\/{rel}","templated":true}]}}