{"id":252,"date":"2022-06-16T00:00:00","date_gmt":"2022-06-15T21:00:00","guid":{"rendered":"https:\/\/www.anofm.ro\/mures\/actineets-1-rmpd-activare-tineri-neets-pocu-983-1-1-152774\/"},"modified":"2022-06-16T00:00:00","modified_gmt":"2022-06-15T21:00:00","slug":"actineets-1-rmpd-activare-tineri-neets-pocu-983-1-1-152774","status":"publish","type":"post","link":"https:\/\/www.anofm.ro\/mures\/actineets-1-rmpd-activare-tineri-neets-pocu-983-1-1-152774\/","title":{"rendered":"ACTINEETs 1 RMPD &#8211; Activare tineri NEETs, POCU\/983\/1\/1\/152774"},"content":{"rendered":"<p>Agen\u021bia Na\u021bional\u0103 pentru Ocuparea For\u021bei de Munc\u0103 (ANOFM) a semnat cu Ministerul Fondurilor\u00a0<span style=\"font-size: 1rem\">Europene, contractul de finan\u0163are pentru un proiect destinat tinerilor NEETs \u0219omeri, bugetul total al\u00a0<\/span><span style=\"font-size: 1rem\">proiectului fiind de 336.772.954,90 lei.<\/span><\/p>\n<p>Prin proiectul ACTINEETs 1 RMPD &#8211; Activare tineri NEETs, cofinan\u0163at din Fondul Social European\u00a0<span style=\"font-size: 1rem\">(FSE) prin Programul Opera\u021bional Capital Uman 2014 \u2013 2020 (POCU), ANOFM \u0219i-a propus s\u0103 vin\u0103 \u00een\u00a0<\/span><span style=\"font-size: 1rem\">\u00eent\u00e2mpinarea tinerilor NEET (Not in Education, Employment or Training\/care nu sunt \u00eenscri\u0219i \u00eentr-un\u00a0<\/span><span style=\"font-size: 1rem\">program de educa\u021bie, ocupare sau formare profesional\u0103) \u0219omeri \u00eenregistrati la Serviciul Public de\u00a0<\/span><span style=\"font-size: 1rem\">Ocupare cu v\u00e2rsta cuprins\u0103 \u00eentre 16 \u0219i 29 ani, astfel \u00eenc\u00e2t s\u0103 asigure o c\u00e2t mai bun\u0103 realizare a\u00a0<\/span><span style=\"font-size: 1rem\">principalului obiectiv al agentiei \u0219i anume stimularea ocup\u0103rii for\u021bei de munc\u0103 \u0219i cre\u0219terea gradului\u00a0<\/span><span style=\"font-size: 1rem\">de ocupare a for\u021bei de munc\u0103.<\/span><\/p>\n<p>Perioada de implementare a proiectului este de 44 de luni, respectiv \u00eentre data de 28.05.2020 \u0219i data\u00a0<span style=\"font-size: 1rem\">de 31.12.2023 \u0219i vizeaza \u00eencadrarea \u00een munc\u0103 a 11.500 de tineri NEETs \u0219omeri afla\u021bi \u00een eviden\u021ba\u00a0<\/span><span style=\"font-size: 1rem\">agen\u021biilor jude\u021bene pentru ocuparea for\u021bei de munc\u0103 (AJOFM) din regiunile Centru, Sud-Muntenia,\u00a0<\/span><span style=\"font-size: 1rem\">Sud-Est si Sud-Vest Oltenia.<\/span><\/p>\n<p>Astfel, ANOFM va acorda subven\u021bii angajatorilor care au \u00eencadrat sau \u00eencadreaz\u0103 \u00een munc\u0103 tineri\u00a0<span style=\"font-size: 1rem\">NEETs \u0219omeri unici sus\u021bin\u0103tori al familiei monoparentale, tinerilor NEET \u0219omeri de lung\u0103 durat\u0103,\u00a0<\/span><span style=\"font-size: 1rem\">tinerilor NEET, tineri NEET persoane cu handicap, absolven\u021bi ai unor institu\u021bii de \u00eenv\u0103\u021b\u0103m\u00e2nt sau\u00a0<\/span><span style=\"font-size: 1rem\">absolven\u021bi din r\u00e2ndul persoanelor cu handicap dup\u0103 caz, conform art.85, 80 din Legea 76\/2002 cu\u00a0<\/span><span style=\"font-size: 1rem\">modificarile si complet\u0103rile ulterioare, ORDONAN\u021aA DE URGEN\u021aA nr. 220 din 30 decembrie 2020\u00a0<\/span><span style=\"font-size: 1rem\">privind aplicarea unor m\u0103suri de protec\u021bie social\u0103 dupa 1 ianuarie 2021 \u00een contextul r\u0103sp\u00e2ndirii\u00a0<\/span><span style=\"font-size: 1rem\">coronavirusului SARS-CoV-2, precum \u0219i pentru modificarea unor acte normative \u0219i ORDONAN\u021aA DE\u00a0<\/span><span style=\"font-size: 1rem\">URGEN\u021a\u0102 nr. 92 din 28 mai 2020 pentru instituirea unor m\u0103suri active de sprijin destinate angaja\u021bilor\u00a0<\/span><span style=\"font-size: 1rem\">\u0219i angajatorilor \u00een contextul situa\u021biei epidemiologice determinate de r\u0103sp\u00e2ndirea coronavirusului\u00a0<\/span><span style=\"font-size: 1rem\">SARS-CoV-2, precum \u0219i pentru modificarea unor acte normative.<\/span><\/p>\n<p>Informare<\/p>\n<p>Pentru a beneficia de aceste subven\u021bii, ANOFM recomand\u0103 persoanelor interesate s\u0103 urm\u0103reasc\u0103 siteul\u00a0<span style=\"font-size: 1rem\">www.anofm.ro precum \u0219i site-urile agen\u021biilor jude\u021bene pentru ocuparea for\u021bei de munc\u0103 din\u00a0<\/span><span style=\"font-size: 1rem\">regiunile eligibile.<\/span><\/p>\n<p>\u00cen urma derul\u0103rii proiectului ACTINEETs 1 RMPD &#8211; Activare tineri NEETs, POCU\/983\/1\/1\/152774,\u00a0<span style=\"font-size: 1rem\">ANOFM estimeaz\u0103 o cre\u0219tere a gradului de ocupare a for\u021bei de munc\u0103 \u0219i implicit o sc\u0103dere a ratei\u00a0<\/span><span style=\"font-size: 1rem\">\u0219omajului.<\/span><\/p>\n<div class=\"file-list-wrap\">\n<ul class=\"file-list\">\n<li><a href=\"\/upload2\/Mure\u0219\/21272\/Informare_ACTINEETS_1_RMPD.pdf\" download>Informare_ACTINEETS_1_RMPD.pdf<\/a><\/li>\n<li><a href=\"\/upload2\/Mure\u0219\/21272\/Afis_ACTINEETS_1_RMPD.pdf\" download>Afis_ACTINEETS_1_RMPD.pdf<\/a><\/li>\n<li><a href=\"\/upload2\/Mure\u0219\/21272\/Brosura_ACTINEETS_1_RMPD.pdf\" download>Brosura_ACTINEETS_1_RMPD.pdf<\/a><\/li>\n<li><a href=\"\/upload2\/Mure\u0219\/21272\/Brosura_2_ACTINEETS.pdf\" download>Brosura_2_ACTINEETS.pdf<\/a><\/li>\n<\/ul>\n<\/div>\n","protected":false},"excerpt":{"rendered":"<p>ACTINEETs 1 RMPD &#8211; Activare tineri NEETs, POCU\/983\/1\/1\/152774<\/p>\n","protected":false},"author":0,"featured_media":0,"comment_status":"closed","ping_status":"closed","sticky":false,"template":"","format":"standard","meta":{"footnotes":""},"categories":[20],"tags":[],"class_list":["post-252","post","type-post","status-publish","format-standard","hentry","category-proiecte"],"_links":{"self":[{"href":"https:\/\/www.anofm.ro\/mures\/wp-json\/wp\/v2\/posts\/252","targetHints":{"allow":["GET"]}}],"collection":[{"href":"https:\/\/www.anofm.ro\/mures\/wp-json\/wp\/v2\/posts"}],"about":[{"href":"https:\/\/www.anofm.ro\/mures\/wp-json\/wp\/v2\/types\/post"}],"replies":[{"embeddable":true,"href":"https:\/\/www.anofm.ro\/mures\/wp-json\/wp\/v2\/comments?post=252"}],"version-history":[{"count":0,"href":"https:\/\/www.anofm.ro\/mures\/wp-json\/wp\/v2\/posts\/252\/revisions"}],"wp:attachment":[{"href":"https:\/\/www.anofm.ro\/mures\/wp-json\/wp\/v2\/media?parent=252"}],"wp:term":[{"taxonomy":"category","embeddable":true,"href":"https:\/\/www.anofm.ro\/mures\/wp-json\/wp\/v2\/categories?post=252"},{"taxonomy":"post_tag","embeddable":true,"href":"https:\/\/www.anofm.ro\/mures\/wp-json\/wp\/v2\/tags?post=252"}],"curies":[{"name":"wp","href":"https:\/\/api.w.org\/{rel}","templated":true}]}}