{"id":246,"date":"2022-05-30T00:00:00","date_gmt":"2022-05-29T21:00:00","guid":{"rendered":"https:\/\/www.anofm.ro\/mures\/agenda-de-lucru-pentru-perioada-23-mai-27-mai-2022\/"},"modified":"2022-05-30T00:00:00","modified_gmt":"2022-05-29T21:00:00","slug":"agenda-de-lucru-pentru-perioada-23-mai-27-mai-2022","status":"publish","type":"post","link":"https:\/\/www.anofm.ro\/mures\/agenda-de-lucru-pentru-perioada-23-mai-27-mai-2022\/","title":{"rendered":"Agenda de lucru pentru perioada 23 mai \u2013 27 mai 2022"},"content":{"rendered":"<div>Rela\u0163iile interinstitu\u0163ionale ale conducerii executive a AJOFM Mure\u015f \u00een perioada 23 mai \u2013 27 mai 2022<\/div>\n<div><\/div>\n<div>PROGRAM DE AUDIENTE \u2013 on line<\/div>\n<div>Director Executiv \u2013 \u015eTEF GHEORGHE<\/div>\n<div>&#8211; Luni: 09.00 &#8211; 12.00<\/div>\n<div>Director Executiv Adjunct \u2013 BOGDAN ELISABETA<\/div>\n<div>&#8211; Miercuri: 09.00 &#8211; 12.00<\/div>\n<p>25 mai &#8211; 27 mai 2022<\/p>\n<div>Directorul executiv, domnul \u0218tef Gheorghe, va participa la \u00eent\u00e2lnirea de lucru , organizat\u0103 \u00eentre personalul de conducere din cadrul ANOFM, personalul de conducere al institu\u021biilor aflate \u00een subordinea ANOFM \u0219i reprezentan\u021bii Ministerului Muncii \u0219i Solidarit\u0103\u021bii Sociale, la Centrul Na\u021bional de Formare Profesional\u0103 a Personalului Propriu R\u00e2\u0219nov.<\/div>\n<p>Interviuri presa &#8211; la solicitare<\/p>\n","protected":false},"excerpt":{"rendered":"<p>Agenda de lucru pentru perioada 23 mai \u2013 27 mai 2022<\/p>\n","protected":false},"author":0,"featured_media":0,"comment_status":"closed","ping_status":"closed","sticky":false,"template":"","format":"standard","meta":{"footnotes":""},"categories":[2],"tags":[],"class_list":["post-246","post","type-post","status-publish","format-standard","hentry","category-agenda-de-lucru"],"_links":{"self":[{"href":"https:\/\/www.anofm.ro\/mures\/wp-json\/wp\/v2\/posts\/246","targetHints":{"allow":["GET"]}}],"collection":[{"href":"https:\/\/www.anofm.ro\/mures\/wp-json\/wp\/v2\/posts"}],"about":[{"href":"https:\/\/www.anofm.ro\/mures\/wp-json\/wp\/v2\/types\/post"}],"replies":[{"embeddable":true,"href":"https:\/\/www.anofm.ro\/mures\/wp-json\/wp\/v2\/comments?post=246"}],"version-history":[{"count":0,"href":"https:\/\/www.anofm.ro\/mures\/wp-json\/wp\/v2\/posts\/246\/revisions"}],"wp:attachment":[{"href":"https:\/\/www.anofm.ro\/mures\/wp-json\/wp\/v2\/media?parent=246"}],"wp:term":[{"taxonomy":"category","embeddable":true,"href":"https:\/\/www.anofm.ro\/mures\/wp-json\/wp\/v2\/categories?post=246"},{"taxonomy":"post_tag","embeddable":true,"href":"https:\/\/www.anofm.ro\/mures\/wp-json\/wp\/v2\/tags?post=246"}],"curies":[{"name":"wp","href":"https:\/\/api.w.org\/{rel}","templated":true}]}}