{"id":235,"date":"2022-05-11T00:00:00","date_gmt":"2022-05-10T21:00:00","guid":{"rendered":"https:\/\/www.anofm.ro\/mures\/in-atentia-absolventilor-de-invatamant-promotia-2022\/"},"modified":"2022-05-11T00:00:00","modified_gmt":"2022-05-10T21:00:00","slug":"in-atentia-absolventilor-de-invatamant-promotia-2022","status":"publish","type":"post","link":"https:\/\/www.anofm.ro\/mures\/in-atentia-absolventilor-de-invatamant-promotia-2022\/","title":{"rendered":"In aten\u0163ia absolven\u0163ilor de \u00eenv\u0103\u021b\u0103m\u00e2nt, promo\u0163ia 2022"},"content":{"rendered":"<div>Agen\u0163ia Jude\u021bean\u0103 pentru Ocuparea For\u0163ei de Munc\u0103 Mure\u0219, informeaz\u0103 absolven\u0163ii de \u00eenv\u0103\u021b\u0103m\u00e2nt din promo\u0163ia 2022 c\u0103 sunt a\u015ftepta\u0163i s\u0103 se \u00eenregistreze \u00een eviden\u0163ele institu\u0163iei pentru a beneficia de serviciile prev\u0103zute de lege cu scopul integr\u0103rii pe pia\u0163a muncii.<\/div>\n<div>Absolven\u0163ii institu\u021biilor de \u00eenv\u0103\u021b\u0103m\u00e2nt care se \u00eenregistreaz\u0103 \u00een eviden\u0163ele Agen\u0163iei Jude\u021bene pentru Ocuparea For\u021bei de Munc\u0103 Mure\u0219 \u0219i la punctele de lucru Ludu\u0219, Reghin, Sighi\u0219oara, T\u00e2rn\u0103veni \u0219i Sovata, \u00een raza c\u0103rora \u00ee\u0219i au domiciliul, ca persoane aflate \u00een c\u0103utarea unui loc de munc\u0103 beneficiaz\u0103 de servicii gratuite de informare \u015fi consiliere profesional\u0103, mediere a muncii, servicii de formare profesional\u0103, precum \u0219i de m\u0103suri de stimulare a ocup\u0103rii (prime).<\/div>\n<div class=\"file-list-wrap\">\n<ul class=\"file-list\">\n<li><a href=\"\/upload2\/Mure\u0219\/20832\/2022_05_10_Comunicat_inregistrare_absolventi_2022_.pdf\" download>2022_05_10_Comunicat_inregistrare_absolventi_2022_.pdf<\/a><\/li>\n<\/ul>\n<\/div>\n","protected":false},"excerpt":{"rendered":"<p>In aten\u0163ia absolven\u0163ilor de \u00eenv\u0103\u021b\u0103m\u00e2nt, promo\u0163ia 2022<\/p>\n","protected":false},"author":0,"featured_media":0,"comment_status":"closed","ping_status":"closed","sticky":false,"template":"","format":"standard","meta":{"footnotes":""},"categories":[9],"tags":[],"class_list":["post-235","post","type-post","status-publish","format-standard","hentry","category-comunicate-de-presa"],"_links":{"self":[{"href":"https:\/\/www.anofm.ro\/mures\/wp-json\/wp\/v2\/posts\/235","targetHints":{"allow":["GET"]}}],"collection":[{"href":"https:\/\/www.anofm.ro\/mures\/wp-json\/wp\/v2\/posts"}],"about":[{"href":"https:\/\/www.anofm.ro\/mures\/wp-json\/wp\/v2\/types\/post"}],"replies":[{"embeddable":true,"href":"https:\/\/www.anofm.ro\/mures\/wp-json\/wp\/v2\/comments?post=235"}],"version-history":[{"count":0,"href":"https:\/\/www.anofm.ro\/mures\/wp-json\/wp\/v2\/posts\/235\/revisions"}],"wp:attachment":[{"href":"https:\/\/www.anofm.ro\/mures\/wp-json\/wp\/v2\/media?parent=235"}],"wp:term":[{"taxonomy":"category","embeddable":true,"href":"https:\/\/www.anofm.ro\/mures\/wp-json\/wp\/v2\/categories?post=235"},{"taxonomy":"post_tag","embeddable":true,"href":"https:\/\/www.anofm.ro\/mures\/wp-json\/wp\/v2\/tags?post=235"}],"curies":[{"name":"wp","href":"https:\/\/api.w.org\/{rel}","templated":true}]}}