{"id":228,"date":"2022-05-05T00:00:00","date_gmt":"2022-05-04T21:00:00","guid":{"rendered":"https:\/\/www.anofm.ro\/mures\/luna-mai-este-luna-promovarii-economiei-sociale-2\/"},"modified":"2022-05-05T00:00:00","modified_gmt":"2022-05-04T21:00:00","slug":"luna-mai-este-luna-promovarii-economiei-sociale-2","status":"publish","type":"post","link":"https:\/\/www.anofm.ro\/mures\/luna-mai-este-luna-promovarii-economiei-sociale-2\/","title":{"rendered":"Luna mai este luna promov\u0103rii economiei sociale"},"content":{"rendered":"<p class=\"MsoNormal\" style=\"margin-left:0in\">Luna mai este luna promov\u0103rii<br \/>\neconomiei sociale \u015fi este dedicat\u0103 organiz\u0103rii unor evenimente \u0219i ac\u0163iuni de<br \/>\ncon\u0219tientizare a importan\u021bei dezvolt\u0103rii acestui sector pentru \u00eentreaga<br \/>\nsocietate, la nivel na\u021bional.<\/p>\n<p class=\"MsoNormal\" style=\"margin-left:0in\">Economia social\u0103 reprezint\u0103<br \/>\nansamblul activit\u0103\u0163ilor private cu caracter economic \u015fi social, servind<br \/>\ninteresul general, interesele unei colectivit\u0103\u0163i \u015fi\/sau interesele personale<br \/>\nnepatrimoniale, prin cre\u015fterea incluziunii sociale \u015fi\/sau<br \/>\nfurnizarea de bunuri, prestarea de servicii \u015fi\/sau execu\u0163ia de lucr\u0103ri.<\/p>\n<p class=\"MsoNormal\" style=\"margin-left:0in\">\n<div class=\"file-list-wrap\">\n<ul class=\"file-list\">\n<li><a href=\"\/upload2\/Mure\u0219\/20733\/2022_05_05_Comunicat_de_presa_economia_sociala.pdf\" download>2022_05_05_Comunicat_de_presa_economia_sociala.pdf<\/a><\/li>\n<\/ul>\n<\/div>\n","protected":false},"excerpt":{"rendered":"<p>Luna mai este luna promov\u0103rii economiei sociale \u015fi este dedicat\u0103 organiz\u0103rii unor evenimente \u0219i ac\u0163iuni de con\u0219tientizare a importan\u021bei dezvolt\u0103rii acestui sector pentru \u00eentreaga societate, la nivel n<\/p>\n","protected":false},"author":0,"featured_media":0,"comment_status":"closed","ping_status":"closed","sticky":false,"template":"","format":"standard","meta":{"footnotes":""},"categories":[9],"tags":[],"class_list":["post-228","post","type-post","status-publish","format-standard","hentry","category-comunicate-de-presa"],"_links":{"self":[{"href":"https:\/\/www.anofm.ro\/mures\/wp-json\/wp\/v2\/posts\/228","targetHints":{"allow":["GET"]}}],"collection":[{"href":"https:\/\/www.anofm.ro\/mures\/wp-json\/wp\/v2\/posts"}],"about":[{"href":"https:\/\/www.anofm.ro\/mures\/wp-json\/wp\/v2\/types\/post"}],"replies":[{"embeddable":true,"href":"https:\/\/www.anofm.ro\/mures\/wp-json\/wp\/v2\/comments?post=228"}],"version-history":[{"count":0,"href":"https:\/\/www.anofm.ro\/mures\/wp-json\/wp\/v2\/posts\/228\/revisions"}],"wp:attachment":[{"href":"https:\/\/www.anofm.ro\/mures\/wp-json\/wp\/v2\/media?parent=228"}],"wp:term":[{"taxonomy":"category","embeddable":true,"href":"https:\/\/www.anofm.ro\/mures\/wp-json\/wp\/v2\/categories?post=228"},{"taxonomy":"post_tag","embeddable":true,"href":"https:\/\/www.anofm.ro\/mures\/wp-json\/wp\/v2\/tags?post=228"}],"curies":[{"name":"wp","href":"https:\/\/api.w.org\/{rel}","templated":true}]}}