{"id":226,"date":"2022-05-03T00:00:00","date_gmt":"2022-05-02T21:00:00","guid":{"rendered":"https:\/\/www.anofm.ro\/mures\/formulare-aprobate-prin-ordinul-nr-705-21-04-2022-somaj-tehnic-masuri-de-protectie-sociala-a-salariatilor-in-contextul-conflictului-armat-din-ucraina\/"},"modified":"2022-05-03T00:00:00","modified_gmt":"2022-05-02T21:00:00","slug":"formulare-aprobate-prin-ordinul-nr-705-21-04-2022-somaj-tehnic-masuri-de-protectie-sociala-a-salariatilor-in-contextul-conflictului-armat-din-ucraina","status":"publish","type":"post","link":"https:\/\/www.anofm.ro\/mures\/formulare-aprobate-prin-ordinul-nr-705-21-04-2022-somaj-tehnic-masuri-de-protectie-sociala-a-salariatilor-in-contextul-conflictului-armat-din-ucraina\/","title":{"rendered":"Formulare aprobate prin Ordinul nr. 705\/21.04.2022 &#8211; \u0219omaj tehnic &#8211; m\u0103suri de protec\u021bie social\u0103 a salaria\u021bilor \u00een contextul conflictului armat din Ucraina"},"content":{"rendered":"<p><span style=\"font-family: -apple-system, BlinkMacSystemFont,\">Modelul documentelor prev\u0103zute la art. 6 alin. (1) din Ordonan\u021ba de urgen\u021b\u0103 a Guvernului nr. 36\/2022 privind stabilirea unor m\u0103suri de protec\u021bie social\u0103 a salaria\u0163ilor \u00een contextul\u00a0 conflictului armat din Ucraina,\u00a0 precum \u0219i ca urmare a sanc\u021biunilor interna\u021bionale aplicate Federa\u021biei Ruse \u0219i Belarusului.<\/span><\/p>\n<div class=\"file-list-wrap\">\n<ul class=\"file-list\">\n<li><a href=\"\/upload2\/Mure\u0219\/20676\/ORDIN_nr_705_21_04_2022_-_Anexa_1_-_Cerere.docx\" download>ORDIN_nr_705_21_04_2022_-_Anexa_1_-_Cerere.docx<\/a><\/li>\n<li><a href=\"\/upload2\/Mure\u0219\/20676\/ORDIN_nr_705_21_04_2022_-_Anexa_2_-_Declaratie.docx\" download>ORDIN_nr_705_21_04_2022_-_Anexa_2_-_Declaratie.docx<\/a><\/li>\n<li><a href=\"\/upload2\/Mure\u0219\/20676\/ORDIN_nr_705_21_04_2022_-_Anexa_3_-_Lista.docx\" download>ORDIN_nr_705_21_04_2022_-_Anexa_3_-_Lista.docx<\/a><\/li>\n<li><a href=\"\/upload2\/Mure\u0219\/20676\/adrese_mail_anofm_gov_ro_txt.pdf\" download>adrese_mail_anofm_gov_ro_txt.pdf<\/a><\/li>\n<\/ul>\n<\/div>\n","protected":false},"excerpt":{"rendered":"<p>Formulare aprobate prin Ordinul nr. 705\/21.04.2022 &#8211; \u0219omaj tehnic &#8211; m\u0103suri de protec\u021bie social\u0103 a salaria\u021bilor \u00een contextul conflictului armat din Ucraina<\/p>\n","protected":false},"author":0,"featured_media":0,"comment_status":"closed","ping_status":"closed","sticky":false,"template":"","format":"standard","meta":{"footnotes":""},"categories":[16],"tags":[],"class_list":["post-226","post","type-post","status-publish","format-standard","hentry","category-materiale-informative"],"_links":{"self":[{"href":"https:\/\/www.anofm.ro\/mures\/wp-json\/wp\/v2\/posts\/226","targetHints":{"allow":["GET"]}}],"collection":[{"href":"https:\/\/www.anofm.ro\/mures\/wp-json\/wp\/v2\/posts"}],"about":[{"href":"https:\/\/www.anofm.ro\/mures\/wp-json\/wp\/v2\/types\/post"}],"replies":[{"embeddable":true,"href":"https:\/\/www.anofm.ro\/mures\/wp-json\/wp\/v2\/comments?post=226"}],"version-history":[{"count":0,"href":"https:\/\/www.anofm.ro\/mures\/wp-json\/wp\/v2\/posts\/226\/revisions"}],"wp:attachment":[{"href":"https:\/\/www.anofm.ro\/mures\/wp-json\/wp\/v2\/media?parent=226"}],"wp:term":[{"taxonomy":"category","embeddable":true,"href":"https:\/\/www.anofm.ro\/mures\/wp-json\/wp\/v2\/categories?post=226"},{"taxonomy":"post_tag","embeddable":true,"href":"https:\/\/www.anofm.ro\/mures\/wp-json\/wp\/v2\/tags?post=226"}],"curies":[{"name":"wp","href":"https:\/\/api.w.org\/{rel}","templated":true}]}}