{"id":225,"date":"2022-04-29T00:00:00","date_gmt":"2022-04-28T21:00:00","guid":{"rendered":"https:\/\/www.anofm.ro\/mures\/modelul-documentelor-pentru-plata-somajului-tehnic-a-fost-aprobat-de-ministrul-muncii-si-solidaritatii-sociale\/"},"modified":"2022-04-29T00:00:00","modified_gmt":"2022-04-28T21:00:00","slug":"modelul-documentelor-pentru-plata-somajului-tehnic-a-fost-aprobat-de-ministrul-muncii-si-solidaritatii-sociale","status":"publish","type":"post","link":"https:\/\/www.anofm.ro\/mures\/modelul-documentelor-pentru-plata-somajului-tehnic-a-fost-aprobat-de-ministrul-muncii-si-solidaritatii-sociale\/","title":{"rendered":"Modelul documentelor pentru plata \u0219omajului tehnic a fost aprobat de ministrul muncii \u0219i solidarit\u0103\u021bii sociale"},"content":{"rendered":"<p>Modelul tipizat al documentelor necesare angajatorilor pentru plata indemniza\u0163iei de\u00a0<span style=\"font-size: 1rem\">\u015fomaj tehnic reglementat de Ordonan\u021ba de Urgen\u021b\u0103 nr.36\/2022 privind stabilirea unor\u00a0<\/span><span style=\"font-size: 1rem\">m\u0103suri de protec\u021bie social\u0103 a salaria\u021bilor \u00een contextul conflictului armat din Ucraina,\u00a0<\/span><span style=\"font-size: 1rem\">precum \u0219i ca urmare a sanc\u021biunilor interna\u021bionale aplicate Federa\u021biei Ruse \u0219i Belarusului\u00a0<\/span><span style=\"font-size: 1rem\">a fost aprobat prin ordinul Ministrului muncii \u015fi solidarit\u0103\u0163ii sociale nr. 705 publicat \u00een\u00a0<\/span><span style=\"font-size: 1rem\">Monitorul Oficial din 20 aprilie 2022<\/span><\/p>\n<div class=\"file-list-wrap\">\n<ul class=\"file-list\">\n<li><a href=\"\/upload2\/Mure\u0219\/20603\/ANOFM__Comunicat_de_presa_-_OUG_36_2022.pdf\" download>ANOFM__Comunicat_de_presa_-_OUG_36_2022.pdf<\/a><\/li>\n<\/ul>\n<\/div>\n","protected":false},"excerpt":{"rendered":"<p>Modelul documentelor pentru plata \u0219omajului tehnic a fost aprobat de ministrulmuncii \u0219i solidarit\u0103\u021bii sociale<\/p>\n","protected":false},"author":0,"featured_media":0,"comment_status":"closed","ping_status":"closed","sticky":false,"template":"","format":"standard","meta":{"footnotes":""},"categories":[9],"tags":[],"class_list":["post-225","post","type-post","status-publish","format-standard","hentry","category-comunicate-de-presa"],"_links":{"self":[{"href":"https:\/\/www.anofm.ro\/mures\/wp-json\/wp\/v2\/posts\/225","targetHints":{"allow":["GET"]}}],"collection":[{"href":"https:\/\/www.anofm.ro\/mures\/wp-json\/wp\/v2\/posts"}],"about":[{"href":"https:\/\/www.anofm.ro\/mures\/wp-json\/wp\/v2\/types\/post"}],"replies":[{"embeddable":true,"href":"https:\/\/www.anofm.ro\/mures\/wp-json\/wp\/v2\/comments?post=225"}],"version-history":[{"count":0,"href":"https:\/\/www.anofm.ro\/mures\/wp-json\/wp\/v2\/posts\/225\/revisions"}],"wp:attachment":[{"href":"https:\/\/www.anofm.ro\/mures\/wp-json\/wp\/v2\/media?parent=225"}],"wp:term":[{"taxonomy":"category","embeddable":true,"href":"https:\/\/www.anofm.ro\/mures\/wp-json\/wp\/v2\/categories?post=225"},{"taxonomy":"post_tag","embeddable":true,"href":"https:\/\/www.anofm.ro\/mures\/wp-json\/wp\/v2\/tags?post=225"}],"curies":[{"name":"wp","href":"https:\/\/api.w.org\/{rel}","templated":true}]}}