{"id":219,"date":"2022-04-15T00:00:00","date_gmt":"2022-04-14T21:00:00","guid":{"rendered":"https:\/\/www.anofm.ro\/mures\/agenda-de-lucru-pentru-perioada-18-aprilie-21-aprilie-2022\/"},"modified":"2022-04-15T00:00:00","modified_gmt":"2022-04-14T21:00:00","slug":"agenda-de-lucru-pentru-perioada-18-aprilie-21-aprilie-2022","status":"publish","type":"post","link":"https:\/\/www.anofm.ro\/mures\/agenda-de-lucru-pentru-perioada-18-aprilie-21-aprilie-2022\/","title":{"rendered":"Agenda de lucru pentru perioada 18 aprilie \u2013 21 aprilie 2022"},"content":{"rendered":"<p><span class=\"markedContent\" id=\"page3R_mcid0\"><span style=\"left: 120.04px;top: 205.018px;font-size: 21.6px\" role=\"presentation\" dir=\"ltr\">Rela\u0163ii<\/span><span style=\"left: 177.233px;top: 205.018px;font-size: 21.6px\" role=\"presentation\" dir=\"ltr\">le<\/span><span style=\"left: 193.498px;top: 205.018px;font-size: 21.6px\" role=\"presentation\" dir=\"ltr\"> <\/span><span style=\"left: 198.233px;top: 205.018px;font-size: 21.6px\" role=\"presentation\" dir=\"ltr\">interinstitu\u0163ionale a<\/span><span style=\"left: 377.683px;top: 205.018px;font-size: 21.6px\" role=\"presentation\" dir=\"ltr\">le conducerii executive a AJOFM Mure<\/span><\/span><span class=\"markedContent\" id=\"page3R_mcid1\"><span style=\"left: 722.717px;top: 205.018px;font-size: 21.6px\" role=\"presentation\" dir=\"ltr\">\u015f<\/span><\/span><span class=\"markedContent\" id=\"page3R_mcid2\"><\/span><span class=\"markedContent\" id=\"page3R_mcid3\"><\/span><span class=\"markedContent\" id=\"page3R_mcid4\"><span style=\"left: 731.335px;top: 205.018px;font-size: 21.6px\" role=\"presentation\" dir=\"ltr\"> <\/span><span style=\"left: 740.917px;top: 205.018px;font-size: 21.6px\" role=\"presentation\" dir=\"ltr\">\u00een<\/span><\/span><span class=\"markedContent\" id=\"page3R_mcid5\"><span style=\"left: 757.894px;top: 205.018px;font-size: 21.6px\" role=\"presentation\" dir=\"ltr\"> <\/span><span style=\"left: 762.917px;top: 205.018px;font-size: 21.6px\" role=\"presentation\" dir=\"ltr\">perioada<\/span><\/span><span class=\"markedContent\" id=\"page3R_mcid6\"><span style=\"left: 843.118px;top: 205.018px;font-size: 21.6px\" role=\"presentation\" dir=\"ltr\"> <\/span><span style=\"left: 847.967px;top: 205.018px;font-size: 21.6px\" role=\"presentation\" dir=\"ltr\">1<\/span><\/span><span class=\"markedContent\" id=\"page3R_mcid7\"><span style=\"left: 858.967px;top: 205.018px;font-size: 21.6px\" role=\"presentation\" dir=\"ltr\">8<\/span><\/span><span class=\"markedContent\" id=\"page3R_mcid8\"><\/span><span class=\"markedContent\" id=\"page3R_mcid9\"><span style=\"left: 869.918px;top: 205.018px;font-size: 21.6px\" role=\"presentation\" dir=\"ltr\"> <\/span><span style=\"left: 874.967px;top: 205.018px;font-size: 21.6px\" role=\"presentation\" dir=\"ltr\">april<\/span><\/span><span class=\"markedContent\" id=\"page3R_mcid10\"><span style=\"left: 915.767px;top: 205.018px;font-size: 21.6px\" role=\"presentation\" dir=\"ltr\">ie<\/span><\/span><span class=\"markedContent\" id=\"page3R_mcid11\"><\/span><span class=\"markedContent\" id=\"page3R_mcid12\"><span style=\"left: 931.831px;top: 205.018px;font-size: 21.6px\" role=\"presentation\" dir=\"ltr\"> <\/span><span style=\"left: 936.567px;top: 205.018px;font-size: 21.6px\" role=\"presentation\" dir=\"ltr\">\u2013\u00a0<\/span><\/span><span class=\"markedContent\" id=\"page3R_mcid14\"><span style=\"left: 120.04px;top: 231.418px;font-size: 21.6px\" role=\"presentation\" dir=\"ltr\">2<\/span><\/span><span class=\"markedContent\" id=\"page3R_mcid15\"><span style=\"left: 131.04px;top: 231.418px;font-size: 21.6px\" role=\"presentation\" dir=\"ltr\">1<\/span><\/span><span class=\"markedContent\" id=\"page3R_mcid16\"><\/span><span class=\"markedContent\" id=\"page3R_mcid17\"><span style=\"left: 141.991px;top: 231.418px;font-size: 21.6px\" role=\"presentation\" dir=\"ltr\"> <\/span><span style=\"left: 146.84px;top: 231.418px;font-size: 21.6px\" role=\"presentation\" dir=\"ltr\">april<\/span><\/span><span class=\"markedContent\" id=\"page3R_mcid18\"><span style=\"left: 187.433px;top: 231.418px;font-size: 21.6px\" role=\"presentation\" dir=\"ltr\">ie<\/span><\/span><span class=\"markedContent\" id=\"page3R_mcid19\"><\/span><span class=\"markedContent\" id=\"page3R_mcid20\"><span style=\"left: 203.698px;top: 231.418px;font-size: 21.6px\" role=\"presentation\" dir=\"ltr\"> <\/span><span style=\"left: 208.433px;top: 231.418px;font-size: 21.6px\" role=\"presentation\" dir=\"ltr\">20<\/span><\/span><span class=\"markedContent\" id=\"page3R_mcid21\"><span style=\"left: 230.433px;top: 231.418px;font-size: 21.6px\" role=\"presentation\" dir=\"ltr\">2<span style=\"font-size: 21.6px\">2<\/span><span style=\"font-size: 21.6px\"><\/span><br \/><\/span><\/span><span class=\"markedContent\" id=\"page3R_mcid23\"><\/span><span class=\"markedContent\" id=\"page3R_mcid24\"><\/span><span class=\"markedContent\" id=\"page3R_mcid25\"><br role=\"presentation\"><span style=\"left: 120.04px;top: 284.418px;font-size: 21.6px\" role=\"presentation\" dir=\"ltr\">PROGRAM DE AUDIENTE<\/span><span style=\"left: 343.06px;top: 284.418px;font-size: 21.6px\" role=\"presentation\" dir=\"ltr\"> <\/span><span style=\"left: 348.083px;top: 284.418px;font-size: 21.6px\" role=\"presentation\" dir=\"ltr\">\u2013<span style=\"font-size: 21.6px\">on line<\/span><span style=\"font-size: 21.6px\"><\/span><br \/><\/span><\/span><span class=\"markedContent\" id=\"page3R_mcid26\"><br role=\"presentation\"><span style=\"left: 120.04px;top: 310.818px;font-size: 21.6px\" role=\"presentation\" dir=\"ltr\">Director Executiv<\/span><span style=\"left: 273.335px;top: 310.818px;font-size: 21.6px\" role=\"presentation\" dir=\"ltr\"> <\/span><span style=\"left: 278.433px;top: 310.818px;font-size: 21.6px\" role=\"presentation\" dir=\"ltr\">\u2013<\/span><span style=\"left: 289.19px;top: 310.818px;font-size: 21.6px\" role=\"presentation\" dir=\"ltr\"> <\/span><span style=\"left: 294.033px;top: 310.818px;font-size: 21.6px\" role=\"presentation\" dir=\"ltr\">\u015eTEF GHEORGHE<\/span><\/span><span class=\"markedContent\" id=\"page3R_mcid27\"><\/span><span class=\"markedContent\" id=\"page3R_mcid28\"><\/span><span class=\"markedContent\" id=\"page3R_mcid29\"><br role=\"presentation\"><span style=\"left: 120.04px;top: 363.618px;font-size: 21.6px\" role=\"presentation\" dir=\"ltr\"><\/p>\n<p>&#8211; Luni: 09.00 &#8211; 12.00<span style=\"font-size: 21.6px\"><\/span><\/p>\n<p><\/span><\/span><span class=\"markedContent\" id=\"page3R_mcid30\"><\/span><span class=\"markedContent\" id=\"page3R_mcid31\"><br role=\"presentation\"><span style=\"left: 120.04px;top: 416.668px;font-size: 21.6px\" role=\"presentation\" dir=\"ltr\">Director Executiv Adjunct<\/span><span style=\"left: 348.352px;top: 416.668px;font-size: 21.6px\" role=\"presentation\" dir=\"ltr\"> <\/span><span style=\"left: 353.483px;top: 416.668px;font-size: 21.6px\" role=\"presentation\" dir=\"ltr\">\u2013<\/span><span style=\"left: 364.24px;top: 416.668px;font-size: 21.6px\" role=\"presentation\" dir=\"ltr\"> <\/span><span style=\"left: 369.083px;top: 416.668px;font-size: 21.6px\" role=\"presentation\" dir=\"ltr\">BOGDAN ELISABETA<\/span><\/span><span class=\"markedContent\" id=\"page3R_mcid32\"><br role=\"presentation\"><span style=\"left: 120.04px;top: 443.068px;font-size: 21.6px\" role=\"presentation\" dir=\"ltr\"><\/p>\n<p>&#8211; Miercuri: 09.00 &#8211; 12.00<span style=\"font-size: 21.6px\"><\/span><\/p>\n<p><\/span><\/span><span class=\"markedContent\" id=\"page3R_mcid34\"><br role=\"presentation\"><span style=\"left: 120.04px;top: 495.868px;font-size: 21.6px\" role=\"presentation\" dir=\"ltr\"><\/p>\n<p>20 aprilie 2022<span style=\"font-size: 21.6px\"><\/span><\/p>\n<p><\/span><\/span><span class=\"markedContent\" id=\"page3R_mcid35\"><br role=\"presentation\"><span style=\"left: 120.04px;top: 522.468px;font-size: 21.6px\" role=\"presentation\" dir=\"ltr\">Va avea loc \u0219edin\u021ba Consiliului Consultativ al AJOFM Mure\u0219,<\/span><span style=\"left: 675.138px;top: 522.468px;font-size: 21.6px\" role=\"presentation\" dir=\"ltr\"> <\/span><span style=\"left: 684.917px;top: 522.468px;font-size: 21.6px\" role=\"presentation\" dir=\"ltr\">av\u00e2nd ca teme: Programul de\u00a0<\/span><span style=\"left: 120.04px;top: 548.868px;font-size: 21.6px\" role=\"presentation\" dir=\"ltr\">ocupare al for\u021bei de munc\u0103 pentru anul 2022, la nivelul jude\u021bului Mure\u0219;<\/span><span style=\"left: 753.54px;top: 548.868px;font-size: 21.6px\" role=\"presentation\" dir=\"ltr\"> <\/span><span style=\"left: 780.167px;top: 548.868px;font-size: 21.6px\" role=\"presentation\" dir=\"ltr\">Informare<\/span><span style=\"left: 868.446px;top: 548.868px;font-size: 21.6px\" role=\"presentation\" dir=\"ltr\"> <\/span><span style=\"left: 900.5px;top: 548.868px;font-size: 21.6px\" role=\"presentation\" dir=\"ltr\">asupra\u00a0<\/span><span style=\"left: 120.04px;top: 575.268px;font-size: 21.6px\" role=\"presentation\" dir=\"ltr\">situa\u0163iei de pe pia\u0163a muncii (rata \u015fomajului, locurile de munc\u0103 vacante, structura \u015fomajului,\u00a0<\/span><span style=\"left: 120.04px;top: 601.668px;font-size: 21.6px\" role=\"presentation\" dir=\"ltr\">cuprinderea \u0219omerilor \u00een programele de m\u0103suri active de stimulare a ocup\u0103rii);<\/span><span style=\"left: 844.828px;top: 601.668px;font-size: 21.6px\" role=\"presentation\" dir=\"ltr\"> <\/span><span style=\"left: 853.767px;top: 601.668px;font-size: 21.6px\" role=\"presentation\" dir=\"ltr\">Prezentarea\u00a0<\/span><span style=\"left: 120.04px;top: 628.268px;font-size: 21.6px\" role=\"presentation\" dir=\"ltr\">stadiului de realizare al Programului de Investi\u021bii;<\/span><span style=\"left: 554.717px;top: 628.268px;font-size: 21.6px\" role=\"presentation\" dir=\"ltr\"><span style=\"font-size: 21.6px\">Diverse.<\/span><\/p>\n<p><span style=\"font-size: 21.6px\">Interviuri presa &#8211; la solicitare<\/span><\/p>\n<p><\/span><\/span><\/p>\n","protected":false},"excerpt":{"rendered":"<p>Agenda de lucru pentru perioada 18 aprilie \u2013 21 aprilie 2022<\/p>\n","protected":false},"author":0,"featured_media":0,"comment_status":"closed","ping_status":"closed","sticky":false,"template":"","format":"standard","meta":{"footnotes":""},"categories":[2],"tags":[],"class_list":["post-219","post","type-post","status-publish","format-standard","hentry","category-agenda-de-lucru"],"_links":{"self":[{"href":"https:\/\/www.anofm.ro\/mures\/wp-json\/wp\/v2\/posts\/219","targetHints":{"allow":["GET"]}}],"collection":[{"href":"https:\/\/www.anofm.ro\/mures\/wp-json\/wp\/v2\/posts"}],"about":[{"href":"https:\/\/www.anofm.ro\/mures\/wp-json\/wp\/v2\/types\/post"}],"replies":[{"embeddable":true,"href":"https:\/\/www.anofm.ro\/mures\/wp-json\/wp\/v2\/comments?post=219"}],"version-history":[{"count":0,"href":"https:\/\/www.anofm.ro\/mures\/wp-json\/wp\/v2\/posts\/219\/revisions"}],"wp:attachment":[{"href":"https:\/\/www.anofm.ro\/mures\/wp-json\/wp\/v2\/media?parent=219"}],"wp:term":[{"taxonomy":"category","embeddable":true,"href":"https:\/\/www.anofm.ro\/mures\/wp-json\/wp\/v2\/categories?post=219"},{"taxonomy":"post_tag","embeddable":true,"href":"https:\/\/www.anofm.ro\/mures\/wp-json\/wp\/v2\/tags?post=219"}],"curies":[{"name":"wp","href":"https:\/\/api.w.org\/{rel}","templated":true}]}}