{"id":215,"date":"2022-04-04T00:00:00","date_gmt":"2022-04-03T21:00:00","guid":{"rendered":"https:\/\/www.anofm.ro\/mures\/agenda-de-lucru-pentru-perioada-28-martie-01-aprilie-2022\/"},"modified":"2022-04-04T00:00:00","modified_gmt":"2022-04-03T21:00:00","slug":"agenda-de-lucru-pentru-perioada-28-martie-01-aprilie-2022","status":"publish","type":"post","link":"https:\/\/www.anofm.ro\/mures\/agenda-de-lucru-pentru-perioada-28-martie-01-aprilie-2022\/","title":{"rendered":"Agenda de lucru pentru perioada 28 martie \u2013 01 aprilie 2022"},"content":{"rendered":"<p class=\"MsoNormal\" style=\"margin-bottom:0in;margin-bottom:.0001pt;line-height:normal\"><span style=\"font-size:16.0pt;font-family:\">Rela\u0163iile interinstitu\u0163ionale ale<br \/>\nconducerii executive a AJOFM Mure\u015f \u00een perioada 28 martie \u2013 01 aprilie 2022<\/span><\/p>\n<p class=\"MsoNormal\" style=\"margin-bottom:0in;margin-bottom:.0001pt;line-height:normal\"><span style=\"font-size:12.0pt;font-family:\"><br \/>\n<\/span><span style=\"font-size:16.0pt;font-family:\">PROGRAM DE AUDIENTE \u2013 on line<\/span><span style=\"font-size:12.0pt;font-family:\"><br \/>\n<\/span><span style=\"font-size:16.0pt;font-family:\">Director Executiv \u2013 \u015eTEF GHEORGHE<\/span><span style=\"font-size:12.0pt;font-family:\"><br \/>\n<\/span><span style=\"font-size:16.0pt;font-family:\">&#8211; Luni: 09.00 &#8211; 12.00<\/span><span style=\"font-size:12.0pt;font-family:\"><br \/>\n<\/span><span style=\"font-size:16.0pt;font-family:\">Director Executiv Adjunct \u2013 BOGDAN<br \/>\nELISABETA<\/span><span style=\"font-size:12.0pt;font-family:\"><br \/>\n<\/span><span style=\"font-size:16.0pt;font-family:\">&#8211; Miercuri: 09.00 &#8211; 12.00<\/span><\/p>\n<p class=\"MsoNormal\" style=\"margin-bottom:0in;margin-bottom:.0001pt;line-height:normal\"><span style=\"font-size:12.0pt;font-family:\"><br \/>\n<\/span><span style=\"font-size:16.0pt;font-family:\">30 martie 2022<\/span><span style=\"font-size:12.0pt;font-family:\"><br \/>\n<\/span><span style=\"font-size:16.0pt;font-family:\">Va avea loc \u0219edin\u021ba Consiliului<br \/>\nConsultativ al AJOFM Mure\u0219, \u00een regim on line, av\u00e2nd ca teme:<\/span><span style=\"font-size:12.0pt;font-family:\"><br \/>\n<\/span><span style=\"font-size:16.0pt;font-family:\">Planul de formare profesional\u0103<br \/>\npentru anul 2022 la nivelul jude\u021bului Mure\u0219; Informare asupra situa\u0163iei de pe<br \/>\npia\u0163a muncii (rata \u015fomajului, locurile de munc\u0103 vacante, structura \u015fomajului,\u00a0<\/span><span style=\"font-size:16.0pt;font-family:\">cuprinderea \u0219omerilor \u00een programele<br \/>\nde m\u0103suri active de stimulare a ocup\u0103rii); Prezentarea stadiului de realizare<br \/>\nal Programului de Investi\u021bii; Diverse.<\/p>\n<p><span style=\"font-size: 16pt\">Interviuri presa &#8211; la solicitare<\/span><\/p>\n<p><\/span><\/p>\n","protected":false},"excerpt":{"rendered":"<p>Agenda de lucru pentru perioada 28 martie \u2013 01 aprilie 2022<\/p>\n","protected":false},"author":0,"featured_media":0,"comment_status":"closed","ping_status":"closed","sticky":false,"template":"","format":"standard","meta":{"footnotes":""},"categories":[2],"tags":[],"class_list":["post-215","post","type-post","status-publish","format-standard","hentry","category-agenda-de-lucru"],"_links":{"self":[{"href":"https:\/\/www.anofm.ro\/mures\/wp-json\/wp\/v2\/posts\/215","targetHints":{"allow":["GET"]}}],"collection":[{"href":"https:\/\/www.anofm.ro\/mures\/wp-json\/wp\/v2\/posts"}],"about":[{"href":"https:\/\/www.anofm.ro\/mures\/wp-json\/wp\/v2\/types\/post"}],"replies":[{"embeddable":true,"href":"https:\/\/www.anofm.ro\/mures\/wp-json\/wp\/v2\/comments?post=215"}],"version-history":[{"count":0,"href":"https:\/\/www.anofm.ro\/mures\/wp-json\/wp\/v2\/posts\/215\/revisions"}],"wp:attachment":[{"href":"https:\/\/www.anofm.ro\/mures\/wp-json\/wp\/v2\/media?parent=215"}],"wp:term":[{"taxonomy":"category","embeddable":true,"href":"https:\/\/www.anofm.ro\/mures\/wp-json\/wp\/v2\/categories?post=215"},{"taxonomy":"post_tag","embeddable":true,"href":"https:\/\/www.anofm.ro\/mures\/wp-json\/wp\/v2\/tags?post=215"}],"curies":[{"name":"wp","href":"https:\/\/api.w.org\/{rel}","templated":true}]}}