{"id":214,"date":"2022-04-04T00:00:00","date_gmt":"2022-04-03T21:00:00","guid":{"rendered":"https:\/\/www.anofm.ro\/mures\/agenda-de-lucru-pentru-perioada-4-8-aprilie-2022\/"},"modified":"2022-04-04T00:00:00","modified_gmt":"2022-04-03T21:00:00","slug":"agenda-de-lucru-pentru-perioada-4-8-aprilie-2022","status":"publish","type":"post","link":"https:\/\/www.anofm.ro\/mures\/agenda-de-lucru-pentru-perioada-4-8-aprilie-2022\/","title":{"rendered":"Agenda de lucru pentru perioada 4 \u2013 8 aprilie 2022"},"content":{"rendered":"<p class=\"MsoNormal\" style=\"margin-bottom:0in;margin-bottom:.0001pt;line-height:normal\"><span style=\"font-size:12.0pt;font-family:\"><br \/>\n<\/span><span style=\"font-size:16.0pt;font-family:\">Rela\u0163iile interinstitu\u0163ionale ale<br \/>\nconducerii executive a AJOFM Mure\u015f \u00een perioada 04 aprilie \u2013 08 aprilie 2022<\/span><\/p>\n<p class=\"MsoNormal\" style=\"margin-bottom:0in;margin-bottom:.0001pt;line-height:normal\"><span style=\"font-size:12.0pt;font-family:\"><br \/>\n<\/span><span style=\"font-size:16.0pt;font-family:\">PROGRAM DE AUDIENTE \u2013 on line<\/span><span style=\"font-size:12.0pt;font-family:\"><\/p>\n<p><\/span><span style=\"font-size:16.0pt;font-family:\"><\/span><\/p>\n<p class=\"MsoNormal\" style=\"margin-bottom:0in;margin-bottom:.0001pt;line-height:normal\"><span style=\"font-size:16.0pt;font-family:\">Director Executiv \u2013 \u015eTEF GHEORGHE<\/span><span style=\"font-size:12.0pt;font-family:\"><br \/>\n<\/span><span style=\"font-size:16.0pt;font-family:\">&#8211; Luni: 09.00 &#8211; 12.00<\/span><span style=\"font-size:12.0pt;font-family:\"><\/p>\n<p><\/span><span style=\"font-size:16.0pt;font-family:\"><\/span><\/p>\n<p class=\"MsoNormal\" style=\"margin-bottom:0in;margin-bottom:.0001pt;line-height:normal\"><span style=\"font-size:16.0pt;font-family:\">Director Executiv Adjunct \u2013 BOGDAN<br \/>\nELISABETA<\/span><span style=\"font-size:12.0pt;font-family:\"><br \/>\n<\/span><span style=\"font-size:16.0pt;font-family:\">&#8211; Miercuri: 09.00 &#8211; 12.00<\/span><span style=\"font-size:12.0pt;font-family:\"><\/p>\n<p><\/span><span style=\"font-size:16.0pt;font-family:\"><\/span><\/p>\n<p class=\"MsoNormal\" style=\"margin-bottom:0in;margin-bottom:.0001pt;line-height:normal\"><span style=\"font-size:16.0pt;font-family:\">5 aprilie 2022<\/span><span style=\"font-size:12.0pt;font-family:\"><br \/>\n<\/span><span style=\"font-size:16.0pt;font-family:\">Directorul executiv adjunct, doamna<br \/>\nBogdan Elisabeta, va participa la Sesiunea de informare privind modalit\u0103\u021bile de<br \/>\n\u00eembun\u0103t\u0103\u021bire a metodelor de interven\u021bie interinstitu\u021bional\u0103 pentru<\/span><span style=\"font-size:12.0pt;font-family:\"><br \/>\n<\/span><span style=\"font-size:16.0pt;font-family:\">prevenirea \u0219i combaterea violen\u021bei<br \/>\ndomestice \u0219i de gen \u00een cadrul proiectului \u201cSprijin pentru implementarea<br \/>\nConven\u021biei de la Istanbul \u00een Rom\u00e2nia\u201d, organizat\u0103 de Agen\u021bia Na\u021bional\u0103 pentru Egalitatea<br \/>\nde \u0218anse \u00eentre Femei \u0219i B\u0103rba\u021bi.<\/span><\/p>\n<p class=\"MsoNormal\" style=\"margin-bottom:0in;margin-bottom:.0001pt;line-height:normal\"><span style=\"font-size:12.0pt;font-family:\"><br \/>\n<\/span><span style=\"font-size:16.0pt;font-family:\">Interviuri presa &#8211; la solicitare<\/span><span style=\"font-size:12.0pt;font-family:\"><\/span><\/p>\n<p class=\"MsoNormal\"><span lang=\"EN-GB\">\u00a0<\/span><\/p>\n","protected":false},"excerpt":{"rendered":"<p>Agenda de lucru pentru perioada 4 \u2013 8 aprilie 2022<\/p>\n","protected":false},"author":0,"featured_media":0,"comment_status":"closed","ping_status":"closed","sticky":false,"template":"","format":"standard","meta":{"footnotes":""},"categories":[2],"tags":[],"class_list":["post-214","post","type-post","status-publish","format-standard","hentry","category-agenda-de-lucru"],"_links":{"self":[{"href":"https:\/\/www.anofm.ro\/mures\/wp-json\/wp\/v2\/posts\/214","targetHints":{"allow":["GET"]}}],"collection":[{"href":"https:\/\/www.anofm.ro\/mures\/wp-json\/wp\/v2\/posts"}],"about":[{"href":"https:\/\/www.anofm.ro\/mures\/wp-json\/wp\/v2\/types\/post"}],"replies":[{"embeddable":true,"href":"https:\/\/www.anofm.ro\/mures\/wp-json\/wp\/v2\/comments?post=214"}],"version-history":[{"count":0,"href":"https:\/\/www.anofm.ro\/mures\/wp-json\/wp\/v2\/posts\/214\/revisions"}],"wp:attachment":[{"href":"https:\/\/www.anofm.ro\/mures\/wp-json\/wp\/v2\/media?parent=214"}],"wp:term":[{"taxonomy":"category","embeddable":true,"href":"https:\/\/www.anofm.ro\/mures\/wp-json\/wp\/v2\/categories?post=214"},{"taxonomy":"post_tag","embeddable":true,"href":"https:\/\/www.anofm.ro\/mures\/wp-json\/wp\/v2\/tags?post=214"}],"curies":[{"name":"wp","href":"https:\/\/api.w.org\/{rel}","templated":true}]}}