{"id":212,"date":"2022-03-23T00:00:00","date_gmt":"2022-03-22T22:00:00","guid":{"rendered":"https:\/\/www.anofm.ro\/mures\/a-maros-megyei-munkaero-foglalkoztatasi-ugynokseg-nyilvantartasaban-szereplo-adatok-szerint-2022-februarjaban-a-munkanelkulisegi-arany-227-volt\/"},"modified":"2022-03-23T00:00:00","modified_gmt":"2022-03-22T22:00:00","slug":"a-maros-megyei-munkaero-foglalkoztatasi-ugynokseg-nyilvantartasaban-szereplo-adatok-szerint-2022-februarjaban-a-munkanelkulisegi-arany-227-volt","status":"publish","type":"post","link":"https:\/\/www.anofm.ro\/mures\/a-maros-megyei-munkaero-foglalkoztatasi-ugynokseg-nyilvantartasaban-szereplo-adatok-szerint-2022-februarjaban-a-munkanelkulisegi-arany-227-volt\/","title":{"rendered":"A Maros Megyei Munkaer\u0151-foglalkoztat\u00e1si \u00dcgyn\u00f6ks\u00e9g nyilv\u00e1ntart\u00e1s\u00e1ban szerepl\u0151 adatok szerint 2022 FEBRU\u00c1RJ\u00c1BAN a munkan\u00e9lk\u00fclis\u00e9gi ar\u00e1ny 2,27% volt."},"content":{"rendered":"<div>Febru\u00e1r v\u00e9g\u00e9n a Maros Megyei Munkaer\u0151-foglalkoztat\u00e1si \u00dcgyn\u00f6ks\u00e9g 5350 munkan\u00e9lk\u00fcli szem\u00e9lyt tartott nyilv\u00e1n (ebb\u0151l 2434 n\u0151), \u00edgy a munkan\u00e9lk\u00fclis\u00e9gi ar\u00e1ny 2,27%-os.<\/div>\n<div>Az el\u0151z\u0151 h\u00f3naphoz k\u00e9pest, amikor a munkan\u00e9lk\u00fclis\u00e9gi ar\u00e1ny 2,23%-os volt, ebben a h\u00f3napban ez a mutat\u00f3 0,04 sz\u00e1zal\u00e9kponttal n\u0151vekedett.<\/div>\n<div>A Maros Megyei \u00dcgyn\u00f6ks\u00e9g nyilv\u00e1ntart\u00e1s\u00e1ban szerepl\u0151 5350 szem\u00e9ly k\u00f6z\u00fcl 1119-nek foly\u00f3s\u00edtott\u00e1k a munkan\u00e9lk\u00fcli seg\u00e9lyt, 4231 szem\u00e9ly pedig nem r\u00e9szes\u00fclt anyagi juttat\u00e1sokban. Lak\u00f3hely szerinti eloszl\u00e1sban 3983 munkan\u00e9lk\u00fcli vid\u00e9kr\u0151l sz\u00e1rmazik, 1367 pedig v\u00e1rosr\u00f3l.<\/div>\n<div class=\"file-list-wrap\">\n<ul class=\"file-list\">\n<li><a href=\"\/upload2\/Mure\u0219\/20168\/2022_03_23_Comunicat_de_presa_somaj_hun.pdf\" download>2022_03_23_Comunicat_de_presa_somaj_hun.pdf<\/a><\/li>\n<\/ul>\n<\/div>\n","protected":false},"excerpt":{"rendered":"<p>A Maros Megyei Munkaer\u0151-foglalkoztat\u00e1si \u00dcgyn\u00f6ks\u00e9g nyilv\u00e1ntart\u00e1s\u00e1ban szerepl\u0151 adatok szerint 2022 FEBRU\u00c1RJ\u00c1BAN a munkan\u00e9lk\u00fclis\u00e9gi ar\u00e1ny 2,27% volt.<\/p>\n","protected":false},"author":0,"featured_media":0,"comment_status":"closed","ping_status":"closed","sticky":false,"template":"","format":"standard","meta":{"footnotes":""},"categories":[9],"tags":[],"class_list":["post-212","post","type-post","status-publish","format-standard","hentry","category-comunicate-de-presa"],"_links":{"self":[{"href":"https:\/\/www.anofm.ro\/mures\/wp-json\/wp\/v2\/posts\/212","targetHints":{"allow":["GET"]}}],"collection":[{"href":"https:\/\/www.anofm.ro\/mures\/wp-json\/wp\/v2\/posts"}],"about":[{"href":"https:\/\/www.anofm.ro\/mures\/wp-json\/wp\/v2\/types\/post"}],"replies":[{"embeddable":true,"href":"https:\/\/www.anofm.ro\/mures\/wp-json\/wp\/v2\/comments?post=212"}],"version-history":[{"count":0,"href":"https:\/\/www.anofm.ro\/mures\/wp-json\/wp\/v2\/posts\/212\/revisions"}],"wp:attachment":[{"href":"https:\/\/www.anofm.ro\/mures\/wp-json\/wp\/v2\/media?parent=212"}],"wp:term":[{"taxonomy":"category","embeddable":true,"href":"https:\/\/www.anofm.ro\/mures\/wp-json\/wp\/v2\/categories?post=212"},{"taxonomy":"post_tag","embeddable":true,"href":"https:\/\/www.anofm.ro\/mures\/wp-json\/wp\/v2\/tags?post=212"}],"curies":[{"name":"wp","href":"https:\/\/api.w.org\/{rel}","templated":true}]}}