{"id":190,"date":"2022-03-01T00:00:00","date_gmt":"2022-02-28T22:00:00","guid":{"rendered":"https:\/\/www.anofm.ro\/mures\/comunicat-de-presa-baza-de-calcul-a-indemnizatiei-de-somaj-si-a-altor-masuri-de-stimulare-a-ocuparii-fortei-de-munca-oferite-de-anofm-se-majoreaza-de-la-1-martie\/"},"modified":"2022-03-01T00:00:00","modified_gmt":"2022-02-28T22:00:00","slug":"comunicat-de-presa-baza-de-calcul-a-indemnizatiei-de-somaj-si-a-altor-masuri-de-stimulare-a-ocuparii-fortei-de-munca-oferite-de-anofm-se-majoreaza-de-la-1-martie","status":"publish","type":"post","link":"https:\/\/www.anofm.ro\/mures\/comunicat-de-presa-baza-de-calcul-a-indemnizatiei-de-somaj-si-a-altor-masuri-de-stimulare-a-ocuparii-fortei-de-munca-oferite-de-anofm-se-majoreaza-de-la-1-martie\/","title":{"rendered":"Comunicat de pres\u0103 &#8211; Baza de calcul a indemniza\u021biei de \u0219omaj \u0219i a altor m\u0103suri de stimulare a ocup\u0103rii for\u021bei de munc\u0103 oferite de ANOFM se majoreaz\u0103 de la 1 martie"},"content":{"rendered":"<p>Comunicat de pres\u0103 &#8211; Baza de calcul a indemniza\u021biei de \u0219omaj \u0219i a altor<br \/>\nm\u0103suri de stimulare a ocup\u0103rii for\u021bei de munc\u0103 oferite de ANOFM se<br \/>\nmajoreaz\u0103 de la 1 martie<\/p>\n<div class=\"file-list-wrap\">\n<ul class=\"file-list\">\n<li><a href=\"\/upload2\/Mure\u0219\/19780\/2022_03_01_Comuniat_de_presa_majorare_baza_de_calcul_indemnizatie_somaj.pdf\" download>2022_03_01_Comuniat_de_presa_majorare_baza_de_calcul_indemnizatie_somaj.pdf<\/a><\/li>\n<\/ul>\n<\/div>\n","protected":false},"excerpt":{"rendered":"<p>Comunicat de pres\u0103 &#8211; Baza de calcul a indemniza\u021biei de \u0219omaj \u0219i a altor m\u0103suri de stimulare a ocup\u0103rii for\u021bei de munc\u0103 oferite de ANOFM se majoreaz\u0103 de la 1 martie<\/p>\n","protected":false},"author":0,"featured_media":0,"comment_status":"closed","ping_status":"closed","sticky":false,"template":"","format":"standard","meta":{"footnotes":""},"categories":[9],"tags":[],"class_list":["post-190","post","type-post","status-publish","format-standard","hentry","category-comunicate-de-presa"],"_links":{"self":[{"href":"https:\/\/www.anofm.ro\/mures\/wp-json\/wp\/v2\/posts\/190","targetHints":{"allow":["GET"]}}],"collection":[{"href":"https:\/\/www.anofm.ro\/mures\/wp-json\/wp\/v2\/posts"}],"about":[{"href":"https:\/\/www.anofm.ro\/mures\/wp-json\/wp\/v2\/types\/post"}],"replies":[{"embeddable":true,"href":"https:\/\/www.anofm.ro\/mures\/wp-json\/wp\/v2\/comments?post=190"}],"version-history":[{"count":0,"href":"https:\/\/www.anofm.ro\/mures\/wp-json\/wp\/v2\/posts\/190\/revisions"}],"wp:attachment":[{"href":"https:\/\/www.anofm.ro\/mures\/wp-json\/wp\/v2\/media?parent=190"}],"wp:term":[{"taxonomy":"category","embeddable":true,"href":"https:\/\/www.anofm.ro\/mures\/wp-json\/wp\/v2\/categories?post=190"},{"taxonomy":"post_tag","embeddable":true,"href":"https:\/\/www.anofm.ro\/mures\/wp-json\/wp\/v2\/tags?post=190"}],"curies":[{"name":"wp","href":"https:\/\/api.w.org\/{rel}","templated":true}]}}