{"id":168,"date":"2022-01-19T00:00:00","date_gmt":"2022-01-18T22:00:00","guid":{"rendered":"https:\/\/www.anofm.ro\/mures\/582-participanti-la-programele-de-formare-profesionala-organizate-de-ajofm-mures-in-anul-2021\/"},"modified":"2022-01-19T00:00:00","modified_gmt":"2022-01-18T22:00:00","slug":"582-participanti-la-programele-de-formare-profesionala-organizate-de-ajofm-mures-in-anul-2021","status":"publish","type":"post","link":"https:\/\/www.anofm.ro\/mures\/582-participanti-la-programele-de-formare-profesionala-organizate-de-ajofm-mures-in-anul-2021\/","title":{"rendered":"582 participan\u0163i la programele de formare profesionala organizate de AJOFM Mure\u0219 \u00een anul 2021"},"content":{"rendered":"<p>\u00cen cursul anului 2021, Agen\u0163ia Jude\u021bean\u0103 pentru Ocuparea For\u0163ei de Munc\u0103 Mure\u0219 a cuprins \u00een programele de formare profesional\u0103 organizate prin intermediul Centrelor Regionale de Formare Profesional\u0103 a Adul\u0163ilor Mure\u0219 \u0219i Brasov, un num\u0103r de 582 persoane.<\/p>\n<p>Dintre acestea, 566 persoane se afl\u0103 \u00een categoria \u0219omeri, iar 16 persoane sunt din categoria persoanelor care beneficiaz\u0103 de gratuitate, al\u021bii dec\u00e2t \u0219omerii, respectiv persoane aflate \u00een custodia Penitenciarului T\u00e2rgu Mure\u0219.<\/p>\n<div class=\"file-list-wrap\">\n<ul class=\"file-list\">\n<li><a href=\"\/upload2\/Mure\u0219\/19120\/2022_01_18_Comunicat_cursuri_formare_profesionala_pt_2021.pdf\" download>2022_01_18_Comunicat_cursuri_formare_profesionala_pt_2021.pdf<\/a><\/li>\n<\/ul>\n<\/div>\n","protected":false},"excerpt":{"rendered":"<p>582 participan\u0163i la programele de formare profesionala organizate de AJOFM Mure\u0219 \u00een anul 2021<\/p>\n","protected":false},"author":0,"featured_media":0,"comment_status":"closed","ping_status":"closed","sticky":false,"template":"","format":"standard","meta":{"footnotes":""},"categories":[9],"tags":[],"class_list":["post-168","post","type-post","status-publish","format-standard","hentry","category-comunicate-de-presa"],"_links":{"self":[{"href":"https:\/\/www.anofm.ro\/mures\/wp-json\/wp\/v2\/posts\/168","targetHints":{"allow":["GET"]}}],"collection":[{"href":"https:\/\/www.anofm.ro\/mures\/wp-json\/wp\/v2\/posts"}],"about":[{"href":"https:\/\/www.anofm.ro\/mures\/wp-json\/wp\/v2\/types\/post"}],"replies":[{"embeddable":true,"href":"https:\/\/www.anofm.ro\/mures\/wp-json\/wp\/v2\/comments?post=168"}],"version-history":[{"count":0,"href":"https:\/\/www.anofm.ro\/mures\/wp-json\/wp\/v2\/posts\/168\/revisions"}],"wp:attachment":[{"href":"https:\/\/www.anofm.ro\/mures\/wp-json\/wp\/v2\/media?parent=168"}],"wp:term":[{"taxonomy":"category","embeddable":true,"href":"https:\/\/www.anofm.ro\/mures\/wp-json\/wp\/v2\/categories?post=168"},{"taxonomy":"post_tag","embeddable":true,"href":"https:\/\/www.anofm.ro\/mures\/wp-json\/wp\/v2\/tags?post=168"}],"curies":[{"name":"wp","href":"https:\/\/api.w.org\/{rel}","templated":true}]}}