{"id":164,"date":"2022-01-10T00:00:00","date_gmt":"2022-01-09T22:00:00","guid":{"rendered":"https:\/\/www.anofm.ro\/mures\/agenda-de-lucru-pentru-perioada17-ianuarie-21-ianuarie-2022\/"},"modified":"2022-01-10T00:00:00","modified_gmt":"2022-01-09T22:00:00","slug":"agenda-de-lucru-pentru-perioada17-ianuarie-21-ianuarie-2022","status":"publish","type":"post","link":"https:\/\/www.anofm.ro\/mures\/agenda-de-lucru-pentru-perioada17-ianuarie-21-ianuarie-2022\/","title":{"rendered":"Agenda de lucru pentru perioada17 ianuarie \u2013 21 ianuarie 2022"},"content":{"rendered":"<div>Rela\u0163iile interinstitu\u0163ionale ale conducerii executive a AJOFM Mure\u015f \u00een perioada 17 ianuarie \u2013 21 ianuarie 2022<\/div>\n<p>PROGRAM DE AUDIENTE \u2013 on line<\/p>\n<div>Director Executiv \u2013 \u015eTEF GHEORGHE<\/div>\n<div>&#8211; Luni: 09.00 &#8211; 12.00<\/div>\n<div>Director Executiv Adjunct \u2013 BOGDAN ELISABETA<\/div>\n<div>&#8211; Miercuri: 09.00 &#8211; 12.00<\/div>\n<div><\/div>\n<div>19 ianuarie 2022<\/div>\n<div>Directorul executiv, domnul \u0218tef Gheorghe, va participa la masa rotund\u0103 cu tema \u201eManagementul resurselor \u0219i al valorii \u00een \u00eentreprinderile sociale auto-sustenabile\u201d, organizat\u0103 Asocia\u021bia Centrul de Resurse pentru Cet\u0103\u021benie Activ\u0103 (CRCA) \u00een parteneriat cu FARMACIA SOCIAL\u0102.<\/div>\n<div><\/div>\n<div>Interviuri presa &#8211; la solicitare<\/div>\n","protected":false},"excerpt":{"rendered":"<p>Agenda de lucru pentru perioada17 ianuarie \u2013 21 ianuarie 2022<\/p>\n","protected":false},"author":0,"featured_media":0,"comment_status":"closed","ping_status":"closed","sticky":false,"template":"","format":"standard","meta":{"footnotes":""},"categories":[2],"tags":[],"class_list":["post-164","post","type-post","status-publish","format-standard","hentry","category-agenda-de-lucru"],"_links":{"self":[{"href":"https:\/\/www.anofm.ro\/mures\/wp-json\/wp\/v2\/posts\/164","targetHints":{"allow":["GET"]}}],"collection":[{"href":"https:\/\/www.anofm.ro\/mures\/wp-json\/wp\/v2\/posts"}],"about":[{"href":"https:\/\/www.anofm.ro\/mures\/wp-json\/wp\/v2\/types\/post"}],"replies":[{"embeddable":true,"href":"https:\/\/www.anofm.ro\/mures\/wp-json\/wp\/v2\/comments?post=164"}],"version-history":[{"count":0,"href":"https:\/\/www.anofm.ro\/mures\/wp-json\/wp\/v2\/posts\/164\/revisions"}],"wp:attachment":[{"href":"https:\/\/www.anofm.ro\/mures\/wp-json\/wp\/v2\/media?parent=164"}],"wp:term":[{"taxonomy":"category","embeddable":true,"href":"https:\/\/www.anofm.ro\/mures\/wp-json\/wp\/v2\/categories?post=164"},{"taxonomy":"post_tag","embeddable":true,"href":"https:\/\/www.anofm.ro\/mures\/wp-json\/wp\/v2\/tags?post=164"}],"curies":[{"name":"wp","href":"https:\/\/api.w.org\/{rel}","templated":true}]}}