{"id":16,"date":"2018-11-14T00:00:00","date_gmt":"2018-11-13T22:00:00","guid":{"rendered":"https:\/\/www.anofm.ro\/mures\/pro-acces-alternativ-rmpd-stimularea-mobilitatii-si-subventionarea-locurilor-de-munca-pentru-someri-si-inactivi\/"},"modified":"2018-11-14T00:00:00","modified_gmt":"2018-11-13T22:00:00","slug":"pro-acces-alternativ-rmpd-stimularea-mobilitatii-si-subventionarea-locurilor-de-munca-pentru-someri-si-inactivi","status":"publish","type":"post","link":"https:\/\/www.anofm.ro\/mures\/pro-acces-alternativ-rmpd-stimularea-mobilitatii-si-subventionarea-locurilor-de-munca-pentru-someri-si-inactivi\/","title":{"rendered":"PRO ACCES ALTERNATIV  RMPD &#8211; Stimularea mobilit\u0103\u0163ii \u015fi subven\u0163ionarea locurilor de munc\u0103 pentru \u015fomeri \u015fi inactivi"},"content":{"rendered":"<p style=\"margin: 0px 0px 10px\"><span style=\"font-family:\">Agen\u021bia Na\u021bional\u0103 pentru<br \/>\nOcuparea For\u021bei de Munc\u0103 implementeaz\u0103 pe o perioad\u0103 de 36 de luni, proiectul<br \/>\n\u201ePRO ACCES ALTERNATIV RMPD \u2013 Stimularea mobilit\u0103\u021bii \u0219i subven\u021bionarea locurilor<br \/>\nde munc\u0103 pentru \u0219omeri \u0219i inactivi&#8221;, POCU\/279\/3\/13\/125311, cofinan\u021bat din<br \/>\nFondul Social European (FSE) prin Programul Opera\u021bional Capital Uman 2014-2020<br \/>\n(POCU).<\/span><\/p>\n<p class=\"MsoNormal\" style=\"text-align:justify\"><span style=\"font-size:12.0pt;line-height:115%;font-family:\">Prin intermediul acestui<br \/>\nproiect, ANOFM \u0219i-a propus s\u0103 sus\u021bin\u0103 financiar, din FSE, m\u0103surile active<br \/>\nacordate de AJOFM \u00een perioada 2014- 2021, pentru \u00eencadrarea a 110.540 de \u0219omeri<br \/>\nnon-NEETs afla\u021bi \u00een eviden\u021bele acestora (pentru perioada 2014 \u2013 2018<br \/>\ncheltuielile sunt retrospective).<\/span><\/p>\n<p class=\"MsoNormal\" style=\"text-align:justify\"><span style=\"font-size:12.0pt;line-height:115%;font-family:\">Obiectivul general al<br \/>\nproiectului \u00eel constituie cre\u0219terea oportunit\u0103\u021bilor \u00eencadr\u0103rii \u00een munc\u0103, at\u00e2t a<br \/>\n110.540 \u0219omeri non-NEET, \u00eenregistra\u021bi \u00een eviden\u021bele ANOFM, c\u00e2t \u0219i a persoanelor<br \/>\ninactive non-NEET.<\/span><\/p>\n<p class=\"MsoNormal\" style=\"text-align:justify\"><span style=\"font-size:12.0pt;line-height:115%;font-family:\">Obiectivele specifice ale<br \/>\nproiectului prev\u0103d pe de-o parte stimularea ocup\u0103rii \u0219omerilor non-NEET prin<br \/>\nacordarea unor prime de mobilitate, iar pe de alt\u0103 parte stimularea ocup\u0103rii<br \/>\n\u0219omerilor non-NEET\/persoanelor inactive non-NEET prin subven\u021bionarea locurilor<br \/>\nde munc\u0103. Subven\u021biile acordate angajatorilor sunt \u00een cuantum 2.250<br \/>\nlei\/lun\u0103\/persoan\u0103 \u00eencadrat\u0103 \u00een munc\u0103.<\/span><\/p>\n<p class=\"MsoNormal\" style=\"text-align:justify\"><span style=\"font-size:12.0pt;line-height:115%;font-family:\">Proiectul va fi implementat<br \/>\ncu sprijinul AJOFM din cele 7 regiuni eligibile conform cererii de finan\u021bare,<br \/>\nrespectiv Centru, Nord-Est, Nord-Vest, Sud-Muntenia, Sud-Est, Sud-Vest Oltenia<br \/>\n\u0219i Vest.<\/span><\/p>\n<p class=\"MsoNormal\" style=\"text-align:justify\"><span style=\"font-size:12.0pt;line-height:115%;font-family:\">Bugetul proiectului fiind de<br \/>\naproximativ 265.359.153,25 de euro (1.220.386.745,84 lei) din care aprox.<br \/>\n225.555.280,27 de euro (1.037.328.733,97 lei) cheltuieli totale nerambursabile<br \/>\n(curs 1 euro = 4,599 lei).<\/span><\/p>\n<p style=\"margin: 0px 0px 10px\">\n<p><span style=\"font-family:\"><font style=\"font-size: 16px\"><\/font><\/span><\/p>\n<p><font style=\"font-size: 16px\"><span style=\"font-family:\">Perioada de implementare<br \/>\neste 1 August 2018 \u2013 31 Iulie 2021<\/span><\/font><\/p>\n<\/p>\n<\/p>\n<p style=\"margin: 0px 0px 10px;font-family:\"><font style=\"font-size: 16px\"><\/font><\/p>\n<\/p>\n<p><font style=\"font-size: 16px\"><a href=\"\/upload\/1265\/FISA_PROIECT_PRO_ACCES.pdf\">Fi\u015f\u0103\u00a0 Proiect PRO ACCES.pdf<\/a> <br \/><\/font><\/p>\n<p><font style=\"font-size: 16px\"><a href=\"\/upload\/1265\/INFORMARE_GDPR_PROACCES_ALTERNATIV_RMPD.pdf\">INFORMARE_GDPR_PROACCES_ALTERNATIV_RMPD.pdf<\/a> <br \/><\/font><\/p>\n<p><font style=\"font-size: 16px\"><a href=\"\/upload\/1265\/COMUNICAT_PRO_ACCES_RMPD.pdf\">Brosura_prezentare_proiect.pdf<\/a><\/font><\/p>\n<p><font style=\"font-size: 16px\"><a href=\"\/upload\/1265\/COMUNICAT_PRO_ACCES_RMPD.pdf\">Comunicat PRO ACCES RMPD.pdf<\/a><\/font><\/p>\n<p><span style=\"font-size: 16px\"><a href=\"\/upload\/1265\/Raport_de_activitate_PRO_ACCES_RMPD_-_9_luni_de_implementare.pdf\">Informare rezultate proiect 2018<\/a><\/span><\/p>\n<p><a style=\"font-size: 16px\" href=\"\/upload\/1265\/Raport_de_activitate_PRO_ACCES_RMPD_-_9_luni_de_implementare.pdf\">Raport de activitate PRO ACCES RMPD &#8211; 9 luni de implementare<\/p>\n<p><\/a><\/p>\n<\/p>\n<p><a style=\"font-size: 16px\" href=\"\/upload\/1265\/Raport_de_activitate_PRO_ACCES_RMPD_-_9_luni_de_implementare.pdf\"><\/a><a href=\"\/upload\/1265\/Raport_de_activitate_PRO_ACCES_RMPD_-_9_luni_de_implementare.pdf\"><\/a><br \/><span style=\"font-size: 16px\"><a href=\"\/upload\/1265\/Raport_de_activitate_PRO_ACCES_RMPD_-_9_luni_de_implementare.pdf\"><br \/><\/a><\/span><\/p>\n<p><font style=\"font-size: 16px\"><a href=\"\/upload\/1265\/Informare_rezultate_proiect_2018.pdf\"><\/a><\/font><\/p>\n<\/p>\n<\/p>\n<p><\/p><\/p>\n","protected":false},"excerpt":{"rendered":"<p>PRO ACCES ALTERNATIV  RMPD &#8211; Stimularea mobilit\u0103\u0163ii \u015fi subven\u0163ionarea locurilor de munc\u0103 pentru \u015fomeri \u015fi inactivi<\/p>\n","protected":false},"author":0,"featured_media":0,"comment_status":"closed","ping_status":"closed","sticky":false,"template":"","format":"standard","meta":{"footnotes":""},"categories":[20],"tags":[],"class_list":["post-16","post","type-post","status-publish","format-standard","hentry","category-proiecte"],"_links":{"self":[{"href":"https:\/\/www.anofm.ro\/mures\/wp-json\/wp\/v2\/posts\/16","targetHints":{"allow":["GET"]}}],"collection":[{"href":"https:\/\/www.anofm.ro\/mures\/wp-json\/wp\/v2\/posts"}],"about":[{"href":"https:\/\/www.anofm.ro\/mures\/wp-json\/wp\/v2\/types\/post"}],"replies":[{"embeddable":true,"href":"https:\/\/www.anofm.ro\/mures\/wp-json\/wp\/v2\/comments?post=16"}],"version-history":[{"count":0,"href":"https:\/\/www.anofm.ro\/mures\/wp-json\/wp\/v2\/posts\/16\/revisions"}],"wp:attachment":[{"href":"https:\/\/www.anofm.ro\/mures\/wp-json\/wp\/v2\/media?parent=16"}],"wp:term":[{"taxonomy":"category","embeddable":true,"href":"https:\/\/www.anofm.ro\/mures\/wp-json\/wp\/v2\/categories?post=16"},{"taxonomy":"post_tag","embeddable":true,"href":"https:\/\/www.anofm.ro\/mures\/wp-json\/wp\/v2\/tags?post=16"}],"curies":[{"name":"wp","href":"https:\/\/api.w.org\/{rel}","templated":true}]}}