{"id":118,"date":"2021-07-02T00:00:00","date_gmt":"2021-07-01T21:00:00","guid":{"rendered":"https:\/\/www.anofm.ro\/mures\/relatiile-interinstitutionale-ale-conducerii-executive-a-ajofm-mures-in-perioada-05-iulie-09-iulie-2021\/"},"modified":"2021-07-02T00:00:00","modified_gmt":"2021-07-01T21:00:00","slug":"relatiile-interinstitutionale-ale-conducerii-executive-a-ajofm-mures-in-perioada-05-iulie-09-iulie-2021","status":"publish","type":"post","link":"https:\/\/www.anofm.ro\/mures\/relatiile-interinstitutionale-ale-conducerii-executive-a-ajofm-mures-in-perioada-05-iulie-09-iulie-2021\/","title":{"rendered":"Rela\u0163iile interinstitu\u0163ionale ale conducerii executive a AJOFM Mure\u015f  \u00een perioada 05 iulie \u2013 09 iulie 2021"},"content":{"rendered":"<p class=\"Default\"><b><span style=\"font-size:14.0pt\">\u00a0<\/span><\/b><\/p>\n<p class=\"Default\"><b><span style=\"font-size:14.0pt;color:windowtext\">PROGRAM DE<br \/>\nAUDIENTE \u2013 on line<\/span><\/b><\/p>\n<p class=\"Default\"><b><span style=\"font-size:14.0pt;color:windowtext\">Director<br \/>\nExecutiv \u2013 \u015eTEF GHEORGHE<\/span><\/b><b><span lang=\"RO\" style=\"font-size:14.0pt;color:windowtext\"><\/span><\/b><\/p>\n<p class=\"Default\"><b><span style=\"font-size:14.0pt;color:windowtext\">\u00a0<\/span><\/b><b><span style=\"font-size:14.0pt;color:windowtext\">&#8211; Luni: 09.00<br \/>\n&#8211; 12.00<\/span><\/b><\/p>\n<p class=\"Default\"><b><span style=\"font-size:14.0pt;color:windowtext\">\u00a0<\/span><\/b><\/p>\n<p class=\"Default\"><b><span style=\"font-size:14.0pt;color:windowtext\">Director<br \/>\nExecutiv Adjunct \u2013 BOGDAN ELISABETA<\/span><\/b><\/p>\n<p class=\"Default\"><b><span style=\"font-size:14.0pt;color:windowtext\">&#8211; Miercuri:<br \/>\n09.00 &#8211; 12.00<\/span><\/b><\/p>\n<p class=\"Default\"><b><span style=\"font-size:14.0pt;color:windowtext\">\u00a0<\/span><\/b><b><span style=\"font-size:14.0pt;color:windowtext\">\u00a0<\/span><\/b><\/p>\n<p class=\"MsoNormal\" style=\"margin-bottom:0in;margin-bottom:.0001pt;text-align:justify;line-height:normal\"><b><span style=\"font-size:14.0pt\">09 iulie 2021<\/span><\/b><\/p>\n<p class=\"MsoNormal\" style=\"margin-bottom:0in;margin-bottom:.0001pt;text-align:justify;line-height:normal\"><span style=\"font-size:14.0pt\">Directorul executiv, domnul<span>\u00a0 <\/span>\u0218tef Gheorghe, va participa la <\/span><span lang=\"RO\" style=\"font-size:14.0pt\">evenimentul organizat de<br \/>\nc\u0103tre Agen\u021bia Jude\u021bean\u0103 pentru Ocuparea For\u021bei de Munc\u0103 Cluj, eveniment prin<br \/>\ncare se demonstreaz\u0103 faptul c\u0103 Serviciul Public de Ocupare este capabil s\u0103<br \/>\nofere clien\u021bilor servicii de calitate, moderne, adecvate secolului XXI, cu<br \/>\norientare spre rezultat \u00een ocuparea for\u021bei de munc\u0103 \u0219i \u00een sus\u021binerea<br \/>\nangajatorilor<\/span><span style=\"font-size:14.0pt\">. <\/span><\/p>\n<p class=\"MsoNormal\" style=\"margin-bottom:0in;margin-bottom:.0001pt;text-align:justify;line-height:normal\"><span style=\"font-size:14.0pt\">\u00a0<\/span><\/p>\n<p class=\"Default\"><b><span style=\"font-size:14.0pt;color:windowtext\">Interviuri<br \/>\npresa &#8211; la solicitare<\/span><\/b><\/p>\n","protected":false},"excerpt":{"rendered":"<p>Rela\u0163iile interinstitu\u0163ionale ale conducerii executive a AJOFM Mure\u015f  \u00een perioada 05 iulie \u2013 09 iulie 2021<\/p>\n","protected":false},"author":0,"featured_media":0,"comment_status":"closed","ping_status":"closed","sticky":false,"template":"","format":"standard","meta":{"footnotes":""},"categories":[2],"tags":[],"class_list":["post-118","post","type-post","status-publish","format-standard","hentry","category-agenda-de-lucru"],"_links":{"self":[{"href":"https:\/\/www.anofm.ro\/mures\/wp-json\/wp\/v2\/posts\/118","targetHints":{"allow":["GET"]}}],"collection":[{"href":"https:\/\/www.anofm.ro\/mures\/wp-json\/wp\/v2\/posts"}],"about":[{"href":"https:\/\/www.anofm.ro\/mures\/wp-json\/wp\/v2\/types\/post"}],"replies":[{"embeddable":true,"href":"https:\/\/www.anofm.ro\/mures\/wp-json\/wp\/v2\/comments?post=118"}],"version-history":[{"count":0,"href":"https:\/\/www.anofm.ro\/mures\/wp-json\/wp\/v2\/posts\/118\/revisions"}],"wp:attachment":[{"href":"https:\/\/www.anofm.ro\/mures\/wp-json\/wp\/v2\/media?parent=118"}],"wp:term":[{"taxonomy":"category","embeddable":true,"href":"https:\/\/www.anofm.ro\/mures\/wp-json\/wp\/v2\/categories?post=118"},{"taxonomy":"post_tag","embeddable":true,"href":"https:\/\/www.anofm.ro\/mures\/wp-json\/wp\/v2\/tags?post=118"}],"curies":[{"name":"wp","href":"https:\/\/api.w.org\/{rel}","templated":true}]}}