{"id":105,"date":"2021-04-13T00:00:00","date_gmt":"2021-04-12T21:00:00","guid":{"rendered":"https:\/\/www.anofm.ro\/mures\/situatia-privind-numarul-persoanelor-incadrate-prin-masura-activa-stimularea-mobilitatii-fortei-de-munca-in-luna-martie-2021\/"},"modified":"2021-04-13T00:00:00","modified_gmt":"2021-04-12T21:00:00","slug":"situatia-privind-numarul-persoanelor-incadrate-prin-masura-activa-stimularea-mobilitatii-fortei-de-munca-in-luna-martie-2021","status":"publish","type":"post","link":"https:\/\/www.anofm.ro\/mures\/situatia-privind-numarul-persoanelor-incadrate-prin-masura-activa-stimularea-mobilitatii-fortei-de-munca-in-luna-martie-2021\/","title":{"rendered":"Situa\u0163ia privind num\u0103rul persoanelor \u00eencadrate prin m\u0103sura activ\u0103 stimularea mobilit\u0103\u0163ii for\u0163ei de munc\u0103, in luna Martie 2021"},"content":{"rendered":"<p><a href=\"\/upload\/16063\/MACHETA_MOBILITATE_MONITORIZARE_03_2021.pdf\">MACHETA_MOBILITATE_MONITORIZARE_03_2021.pdf<\/a><\/p>\n","protected":false},"excerpt":{"rendered":"<p>Situa\u0163ia privind num\u0103rul persoanelor \u00eencadrate prin m\u0103sura activ\u0103 stimularea mobilit\u0103\u0163ii for\u0163ei de munc\u0103, in luna Martie 2021<\/p>\n","protected":false},"author":0,"featured_media":0,"comment_status":"closed","ping_status":"closed","sticky":false,"template":"","format":"standard","meta":{"footnotes":""},"categories":[24],"tags":[],"class_list":["post-105","post","type-post","status-publish","format-standard","hentry","category-statistica-somaj"],"_links":{"self":[{"href":"https:\/\/www.anofm.ro\/mures\/wp-json\/wp\/v2\/posts\/105","targetHints":{"allow":["GET"]}}],"collection":[{"href":"https:\/\/www.anofm.ro\/mures\/wp-json\/wp\/v2\/posts"}],"about":[{"href":"https:\/\/www.anofm.ro\/mures\/wp-json\/wp\/v2\/types\/post"}],"replies":[{"embeddable":true,"href":"https:\/\/www.anofm.ro\/mures\/wp-json\/wp\/v2\/comments?post=105"}],"version-history":[{"count":0,"href":"https:\/\/www.anofm.ro\/mures\/wp-json\/wp\/v2\/posts\/105\/revisions"}],"wp:attachment":[{"href":"https:\/\/www.anofm.ro\/mures\/wp-json\/wp\/v2\/media?parent=105"}],"wp:term":[{"taxonomy":"category","embeddable":true,"href":"https:\/\/www.anofm.ro\/mures\/wp-json\/wp\/v2\/categories?post=105"},{"taxonomy":"post_tag","embeddable":true,"href":"https:\/\/www.anofm.ro\/mures\/wp-json\/wp\/v2\/tags?post=105"}],"curies":[{"name":"wp","href":"https:\/\/api.w.org\/{rel}","templated":true}]}}