{"id":102,"date":"2021-03-31T00:00:00","date_gmt":"2021-03-30T21:00:00","guid":{"rendered":"https:\/\/www.anofm.ro\/mures\/informatii-despre-securitatea-sociala-in-domeniul-somajului-in-tarile-uniunii-europene\/"},"modified":"2021-03-31T00:00:00","modified_gmt":"2021-03-30T21:00:00","slug":"informatii-despre-securitatea-sociala-in-domeniul-somajului-in-tarile-uniunii-europene","status":"publish","type":"post","link":"https:\/\/www.anofm.ro\/mures\/informatii-despre-securitatea-sociala-in-domeniul-somajului-in-tarile-uniunii-europene\/","title":{"rendered":"Informa\u0163ii despre securitatea social\u0103 \u00een domeniul \u015fomajului  \u00een \u0163\u0103rile Uniunii Europene"},"content":{"rendered":"<p class=\"MsoNormal\" style=\"text-align:justify\"><span class=\"Bodytext5NotBold\"><span lang=\"RO\" style=\"font-size:12.0pt;line-height:115%\">\u00ce<\/span><\/span><span class=\"Bodytext5NotBold\"><span style=\"font-size:12.0pt;line-height:115%\">n<br \/>\nconformitate cu <\/span><\/span><span style=\"font-size:12.0pt;line-height:115%;font-family:\">propunerea\u00a0 pentru programul anual de activit<\/span><span lang=\"RO\" style=\"font-size:12.0pt;line-height:115%;font-family:\">\u0103\u0163i <\/span><span style=\"font-size:12.0pt;line-height:115%;font-family:\">EURES 2021, consilierul Eures \u00a0din cadrul AJOFM Mure\u015f a realizat \u015fi postat pe<br \/>\ncanalul de <\/span><span style=\"font-size:12.0pt;line-height:115%;font-family:\">Youtube\u00a0 un film de informare despre <\/span><span style=\"font-size:12.0pt;line-height:115%;font-family:\">securitatea<br \/>\nsocial\u0103 \u00een domeniul \u015fomajului\u00a0 \u00een \u0163\u0103rile Uniunii<br \/>\nEuropene.<\/span><\/p>\n<p class=\"MsoNormal\" style=\"text-align:justify\"><span style=\"font-size:12.0pt;line-height:115%;font-family:\">La realizarea<br \/>\nfilmului s-a \u0163inut cont de faptul c\u0103 <\/span><span style=\"font-size:12.0pt;line-height:115%;font-family:\">mul\u0163i cet\u0103\u0163eni rom\u00e2ni din diaspora \u015fi nu numai\u00a0\u00a0 au c\u0103utat \u015fi caut\u0103 informa\u0163ii despre munca \u00een<br \/>\nstr\u0103in\u0103tate, despre drepturile \u015fi obliga\u0163iile\u00a0<br \/>\nlor \u00een domeniul securit\u0103\u0163ii sociale (\u00een \u0163\u0103rile UE, \u00een Rom\u00e2nia). <\/span><\/p>\n<p class=\"MsoNormal\" style=\"text-align:justify\"><span style=\"font-size:12.0pt;line-height:115%;font-family:\">Ata\u015fat este linkul :<\/span><span class=\"Bodytext5NotBold\"><span style=\"font-size: 12pt;line-height: 115%\"><\/span><\/span><\/p>\n<p class=\"Bodytext21\" style=\"margin-top:0cm;margin-right:2.85pt;margin-bottom:0cm;margin-left:0cm;margin-bottom:.0001pt;line-height:19.0pt;background:transparent\"><a href=\"https:\/\/www.youtube.com\/watch?v=LNS7n4kHo1I\"><span style=\"background-image: initial;background-position: initial;background-size: initial;background-attachment: initial\">https:\/\/www.youtube.com\/watch?v=LNS7n4kHo1I<\/span><\/a><span class=\"Bodytext5NotBold\"><span style=\"font-size: 11pt\"><\/span><\/span><\/p>\n<p class=\"Bodytext21\" style=\"margin-top:0cm;margin-right:2.85pt;margin-bottom:0cm;margin-left:0cm;margin-bottom:.0001pt;line-height:19.0pt;background:transparent\"><span class=\"Bodytext5NotBold\"><span style=\"font-size: 11pt\">\u00a0<\/span><\/span><\/p>\n<p><b><span lang=\"RO\" style=\"font-size: 12pt;font-family:\">Agen\u0163ia Jude\u0163ean\u0103 pentru Ocuparea For\u0163ei de Munc\u0103<br \/>\nMure\u015f.<\/p>\n<p><a href=\"\/upload\/15901\/INFORMARE_SEC_SOCIALA31032021-1.pdf\">INFORMARE_SEC_SOCIALA31032021-1.pdf<\/a> <\/p>\n<p><\/span><\/b><\/p>\n","protected":false},"excerpt":{"rendered":"<p>Informa\u0163ii despre securitatea social\u0103 \u00een domeniul \u015fomajului  \u00een \u0163\u0103rile Uniunii Europene<\/p>\n","protected":false},"author":0,"featured_media":0,"comment_status":"closed","ping_status":"closed","sticky":false,"template":"","format":"standard","meta":{"footnotes":""},"categories":[16],"tags":[],"class_list":["post-102","post","type-post","status-publish","format-standard","hentry","category-materiale-informative"],"_links":{"self":[{"href":"https:\/\/www.anofm.ro\/mures\/wp-json\/wp\/v2\/posts\/102","targetHints":{"allow":["GET"]}}],"collection":[{"href":"https:\/\/www.anofm.ro\/mures\/wp-json\/wp\/v2\/posts"}],"about":[{"href":"https:\/\/www.anofm.ro\/mures\/wp-json\/wp\/v2\/types\/post"}],"replies":[{"embeddable":true,"href":"https:\/\/www.anofm.ro\/mures\/wp-json\/wp\/v2\/comments?post=102"}],"version-history":[{"count":0,"href":"https:\/\/www.anofm.ro\/mures\/wp-json\/wp\/v2\/posts\/102\/revisions"}],"wp:attachment":[{"href":"https:\/\/www.anofm.ro\/mures\/wp-json\/wp\/v2\/media?parent=102"}],"wp:term":[{"taxonomy":"category","embeddable":true,"href":"https:\/\/www.anofm.ro\/mures\/wp-json\/wp\/v2\/categories?post=102"},{"taxonomy":"post_tag","embeddable":true,"href":"https:\/\/www.anofm.ro\/mures\/wp-json\/wp\/v2\/tags?post=102"}],"curies":[{"name":"wp","href":"https:\/\/api.w.org\/{rel}","templated":true}]}}