{"id":4414,"date":"2025-01-21T16:25:56","date_gmt":"2025-01-21T14:25:56","guid":{"rendered":"https:\/\/www.anofm.ro\/mehedinti\/?p=4414"},"modified":"2025-01-30T14:54:45","modified_gmt":"2025-01-30T12:54:45","slug":"anunt-privind-organizarea-selectiei-pentru-ocuparea-unui-post-in-cadrul-echipei-proiectului-promovarea-monitorizarea-si-evaluarea-evolutiei-economiei-sociale-si-a-antreprenoriatului-social-i","status":"publish","type":"post","link":"https:\/\/www.anofm.ro\/mehedinti\/anunt-privind-organizarea-selectiei-pentru-ocuparea-unui-post-in-cadrul-echipei-proiectului-promovarea-monitorizarea-si-evaluarea-evolutiei-economiei-sociale-si-a-antreprenoriatului-social-i\/","title":{"rendered":"ANUN\u021a privind organizarea selec\u021biei pentru ocuparea unui post \u00een cadrul echipei proiectului \u201ePromovarea, monitorizarea \u0219i evaluarea evolu\u021biei economiei sociale \u0219i a antreprenoriatului social \u00een Rom\u00e2nia\u201d"},"content":{"rendered":"\n<p>Agen\u021bia Jude\u021bean\u0103 pentru Ocuparea For\u021bei de Munc\u0103 Mehedinti, cu sediul \u00een Drobeta Turnu Severin, b-dul Carol I nr.3, organizeaz\u0103 in perioada 22-29.01.2025, selec\u021bia resurselor umane pentru echipa de implementare a Proiectului \u201cPromovarea, monitorizarea \u0219i evaluarea evolu\u021biei economiei sociale \u0219i a antreprenoriatului social \u00een Rom\u00e2nia\u201d pentru un post expert de implementare jude\u0163ean (eligibil doar pentru angajatii A.J.O.F.M. Mehedinti)<\/p>\n\n\n\n<div class=\"file-list-wrap\"><p class=\"h4\">Documente desc\u0103rcabile<\/p><ul class=\"file-list\">\n<li><a href=\"https:\/\/www.anofm.ro\/mehedinti\/wp-content\/uploads\/sites\/29\/2025\/01\/Anunt-selectie-expert-de-implementare-judetean-in-echipa-proiectului-Promovarea-monitorizarea-si-evaluarea-evolutiei-economiei-sociale-si-a-antreprenoriatului-social-in-Romania.doc\" download>Anunt-selectie-expert-de-implementare-judetean-in-echipa-proiectului-Promovarea-monitorizarea-si-evaluarea-evolutiei-economiei-sociale-si-a-antreprenoriatului-social-in-Romania.doc<\/a><\/li>\n\n\n\n<li><a href=\"https:\/\/www.anofm.ro\/mehedinti\/wp-content\/uploads\/sites\/29\/2025\/01\/Declaratie-privind-inexistenta-situatii-incompatibilitate-relativa-la-activitatile-proiectului.doc\" download>Declaratie-privind-inexistenta-situatii-incompatibilitate-relativa-la-activitatile-proiectului.doc<\/a><\/li>\n\n\n\n<li><a href=\"https:\/\/www.anofm.ro\/mehedinti\/wp-content\/uploads\/sites\/29\/2025\/01\/Declaratie-privind-prelucrarea-datelor-cu-caracter-personal.pdf\" download>Declaratie-privind-prelucrarea-datelor-cu-caracter-personal.pdf<\/a><\/li>\n\n\n\n<li><a href=\"https:\/\/www.anofm.ro\/mehedinti\/wp-content\/uploads\/sites\/29\/2025\/01\/PV-de-analizare-a-dosarelor-proiect-Promovarea-monitorizarea-si-evaluarea-evolutiei-economiei-sociale-si-a-antreprenoriatului-social-in-Romania-POSTARE.doc\" download>PV-de-analizare-a-dosarelor-proiect-Promovarea-monitorizarea-si-evaluarea-evolutiei-economiei-sociale-si-a-antreprenoriatului-social-in-Romania-POSTARE.doc<\/a><\/li>\n\n\n\n<li><a href=\"https:\/\/www.anofm.ro\/mehedinti\/wp-content\/uploads\/sites\/29\/2025\/01\/PV-interviu-proiect-Promovarea-monitorizarea-si-evaluarea-evolutiei-economiei-sociale-si-a-antreprenoriatului-social-in-Romania.doc\" download>PV-interviu-proiect-Promovarea-monitorizarea-si-evaluarea-evolutiei-economiei-sociale-si-a-antreprenoriatului-social-in-Romania.doc<\/a><\/li>\n\n\n\n<li><a href=\"https:\/\/www.anofm.ro\/mehedinti\/wp-content\/uploads\/sites\/29\/2025\/01\/Raport-final-al-selectiei-proiect-Promovarea-monitorizarea-si-evaluarea-evolutiei-economiei-sociale-si-a-antreprenoriatului-social-in-Romania-POSTARE.pdf\" download>Raport-final-al-selectiei-proiect-Promovarea-monitorizarea-si-evaluarea-evolutiei-economiei-sociale-si-a-antreprenoriatului-social-in-Romania-POSTARE.pdf<\/a><\/li>\n<\/ul><\/div>\n","protected":false},"excerpt":{"rendered":"<p>Agen\u021bia Jude\u021bean\u0103 pentru Ocuparea For\u021bei de Munc\u0103 Mehedinti, cu sediul \u00een Drobeta Turnu Severin, b-dul Carol I nr.3, organizeaz\u0103 in perioada 22-29.01.2025, selec\u021bia resurselor umane pentru echipa de implementare a<\/p>\n","protected":false},"author":46,"featured_media":0,"comment_status":"closed","ping_status":"closed","sticky":false,"template":"","format":"standard","meta":{"footnotes":""},"categories":[7],"tags":[],"class_list":["post-4414","post","type-post","status-publish","format-standard","hentry","category-cariera-profesionala"],"_links":{"self":[{"href":"https:\/\/www.anofm.ro\/mehedinti\/wp-json\/wp\/v2\/posts\/4414","targetHints":{"allow":["GET"]}}],"collection":[{"href":"https:\/\/www.anofm.ro\/mehedinti\/wp-json\/wp\/v2\/posts"}],"about":[{"href":"https:\/\/www.anofm.ro\/mehedinti\/wp-json\/wp\/v2\/types\/post"}],"author":[{"embeddable":true,"href":"https:\/\/www.anofm.ro\/mehedinti\/wp-json\/wp\/v2\/users\/46"}],"replies":[{"embeddable":true,"href":"https:\/\/www.anofm.ro\/mehedinti\/wp-json\/wp\/v2\/comments?post=4414"}],"version-history":[{"count":5,"href":"https:\/\/www.anofm.ro\/mehedinti\/wp-json\/wp\/v2\/posts\/4414\/revisions"}],"predecessor-version":[{"id":4464,"href":"https:\/\/www.anofm.ro\/mehedinti\/wp-json\/wp\/v2\/posts\/4414\/revisions\/4464"}],"wp:attachment":[{"href":"https:\/\/www.anofm.ro\/mehedinti\/wp-json\/wp\/v2\/media?parent=4414"}],"wp:term":[{"taxonomy":"category","embeddable":true,"href":"https:\/\/www.anofm.ro\/mehedinti\/wp-json\/wp\/v2\/categories?post=4414"},{"taxonomy":"post_tag","embeddable":true,"href":"https:\/\/www.anofm.ro\/mehedinti\/wp-json\/wp\/v2\/tags?post=4414"}],"curies":[{"name":"wp","href":"https:\/\/api.w.org\/{rel}","templated":true}]}}