{"id":4303,"date":"2024-11-11T16:26:41","date_gmt":"2024-11-11T14:26:41","guid":{"rendered":"https:\/\/www.anofm.ro\/mehedinti\/?p=4303"},"modified":"2024-12-23T13:38:20","modified_gmt":"2024-12-23T11:38:20","slug":"concurs-recrutare-inspector-superior-organizat-in-data-de-13-12-2024","status":"publish","type":"post","link":"https:\/\/www.anofm.ro\/mehedinti\/concurs-recrutare-inspector-superior-organizat-in-data-de-13-12-2024\/","title":{"rendered":"\u00a0Concurs recrutare inspector superior organizat in data de 13.12.2024"},"content":{"rendered":"\n<p>Agen\u0163ia Jude\u021bean\u0103 pentru Ocuparea For\u0163ei de Munc\u0103 Mehedin\u021bi, cu sediul \u00een Dr.Tr.Severin, B-dul Carol I, nr. 3, organizeaz\u0103 concurs de recrutare \u00een vederea ocup\u0103rii unei func\u0163ii publice de execu\u021bie vacante \u00een baza art. VII din OUG nr. 115\/2023 \u2013 alin.(3) \u0219i art. VII alin.(7)\/XI din OUG 121\/2023 pentru modificarea \u0219i completarea Codului administrativ, \u00een data de 13.12.2024, ora 11:00 (proba scris\u0103), la sediul agen\u0163iei.<\/p>\n\n\n\n<p>Func\u021bia public\u0103 scoas\u0103 la concurs:<\/p>\n\n\n\n<ul class=\"wp-block-list\">\n<li>&#8211;&nbsp;&nbsp; Inspector, clasa I, grad superior, COMPARTIMENT ECONOMIE SOCIAL\u0102 \u0218I CENTRU DE CONSILIERE PENTRU PERSOANE CU DIZABILITATI<\/li>\n<\/ul>\n\n\n\n<ul class=\"wp-block-list\">\n<li><\/li>\n<\/ul>\n\n\n\n<div class=\"file-list-wrap\"><p class=\"h4\">Documente desc\u0103rcabile<\/p><ul class=\"file-list\">\n<li><a href=\"https:\/\/www.anofm.ro\/mehedinti\/wp-content\/uploads\/sites\/29\/2024\/11\/Formular-de-inscriere-concurs-economie-sociala.pdf\" download>Formular-de-inscriere-concurs-economie-sociala.pdf<\/a><\/li>\n\n\n\n<li><a href=\"https:\/\/www.anofm.ro\/mehedinti\/wp-content\/uploads\/sites\/29\/2024\/11\/Anunt-Ec-sociala-si-centru-de-consiliere-pentru-persoane-cu-dizabilitati.docx\" download>Anunt-Ec-sociala-si-centru-de-consiliere-pentru-persoane-cu-dizabilitati.docx<\/a><\/li>\n\n\n\n<li><a href=\"https:\/\/www.anofm.ro\/mehedinti\/wp-content\/uploads\/sites\/29\/2024\/11\/AJOFM-MH-Tematica-concurs-economie-sociala.docx\" download>AJOFM-MH-Tematica-concurs-economie-sociala.docx<\/a><\/li>\n\n\n\n<li><a href=\"https:\/\/www.anofm.ro\/mehedinti\/wp-content\/uploads\/sites\/29\/2024\/11\/AJOFM-MH-Bibliografie-concurs-economie-sociala.docx\" download>AJOFM-MH-Bibliografie-concurs-economie-sociala.docx<\/a><\/li>\n\n\n\n<li><a href=\"https:\/\/www.anofm.ro\/mehedinti\/wp-content\/uploads\/sites\/29\/2024\/11\/AJOFM-MH-Atributiile-postului-economie-sociala.docx\" download>AJOFM-MH-Atributiile-postului-economie-sociala.docx<\/a><\/li>\n\n\n\n<li><a href=\"https:\/\/www.anofm.ro\/mehedinti\/wp-content\/uploads\/sites\/29\/2024\/11\/adev-vechime-concurs-economie-sociala.docx\" download>adev-vechime-concurs-economie-sociala.docx<\/a><\/li>\n\n\n\n<li><a href=\"https:\/\/www.anofm.ro\/mehedinti\/wp-content\/uploads\/sites\/29\/2024\/11\/5.Declaratie_GDPR-Comp-Ec.-sociala-si-centru-de-consiliere-pentru-persoane-cu-dizabilitati.pdf\" download>5.Declaratie_GDPR-Comp-Ec.-sociala-si-centru-de-consiliere-pentru-persoane-cu-dizabilitati.pdf<\/a><\/li>\n\n\n\n<li><a href=\"https:\/\/www.anofm.ro\/mehedinti\/wp-content\/uploads\/sites\/29\/2024\/11\/Selectie-dosare-economie-sociala.pdf\" download>Selectie-dosare-economie-sociala.pdf<\/a><\/li>\n\n\n\n<li><a href=\"https:\/\/www.anofm.ro\/mehedinti\/wp-content\/uploads\/sites\/29\/2024\/11\/Rezultatul-probei-scrise-concurs-economie-sociala-13.12.2024.pdf\" download>Rezultatul-probei-scrise-concurs-economie-sociala-13.12.2024.pdf<\/a><\/li>\n\n\n\n<li><a href=\"https:\/\/www.anofm.ro\/mehedinti\/wp-content\/uploads\/sites\/29\/2024\/11\/Rezultatul-probei-interviu-concurs-economie-sociala-19.12.2024.pdf\" download>Rezultatul-probei-interviu-concurs-economie-sociala-19.12.2024.pdf<\/a><\/li>\n\n\n\n<li><a href=\"https:\/\/www.anofm.ro\/mehedinti\/wp-content\/uploads\/sites\/29\/2024\/11\/Rezultat-final-concurs-economie-sociala-23.12.2024.pdf\" download>Rezultat-final-concurs-economie-sociala-23.12.2024.pdf<\/a><\/li>\n<\/ul><\/div>\n","protected":false},"excerpt":{"rendered":"<p>Agen\u0163ia Jude\u021bean\u0103 pentru Ocuparea For\u0163ei de Munc\u0103 Mehedin\u021bi, cu sediul \u00een Dr.Tr.Severin, B-dul Carol I, nr. 3, organizeaz\u0103 concurs de recrutare \u00een vederea ocup\u0103rii unei func\u0163ii publice de execu\u021bie vacante<\/p>\n","protected":false},"author":46,"featured_media":0,"comment_status":"closed","ping_status":"closed","sticky":false,"template":"","format":"standard","meta":{"footnotes":""},"categories":[7],"tags":[],"class_list":["post-4303","post","type-post","status-publish","format-standard","hentry","category-cariera-profesionala"],"_links":{"self":[{"href":"https:\/\/www.anofm.ro\/mehedinti\/wp-json\/wp\/v2\/posts\/4303","targetHints":{"allow":["GET"]}}],"collection":[{"href":"https:\/\/www.anofm.ro\/mehedinti\/wp-json\/wp\/v2\/posts"}],"about":[{"href":"https:\/\/www.anofm.ro\/mehedinti\/wp-json\/wp\/v2\/types\/post"}],"author":[{"embeddable":true,"href":"https:\/\/www.anofm.ro\/mehedinti\/wp-json\/wp\/v2\/users\/46"}],"replies":[{"embeddable":true,"href":"https:\/\/www.anofm.ro\/mehedinti\/wp-json\/wp\/v2\/comments?post=4303"}],"version-history":[{"count":6,"href":"https:\/\/www.anofm.ro\/mehedinti\/wp-json\/wp\/v2\/posts\/4303\/revisions"}],"predecessor-version":[{"id":4374,"href":"https:\/\/www.anofm.ro\/mehedinti\/wp-json\/wp\/v2\/posts\/4303\/revisions\/4374"}],"wp:attachment":[{"href":"https:\/\/www.anofm.ro\/mehedinti\/wp-json\/wp\/v2\/media?parent=4303"}],"wp:term":[{"taxonomy":"category","embeddable":true,"href":"https:\/\/www.anofm.ro\/mehedinti\/wp-json\/wp\/v2\/categories?post=4303"},{"taxonomy":"post_tag","embeddable":true,"href":"https:\/\/www.anofm.ro\/mehedinti\/wp-json\/wp\/v2\/tags?post=4303"}],"curies":[{"name":"wp","href":"https:\/\/api.w.org\/{rel}","templated":true}]}}