{"id":4238,"date":"2024-10-07T15:59:10","date_gmt":"2024-10-07T12:59:10","guid":{"rendered":"https:\/\/www.anofm.ro\/mehedinti\/?p=4238"},"modified":"2024-10-07T15:59:10","modified_gmt":"2024-10-07T12:59:10","slug":"anunt","status":"publish","type":"post","link":"https:\/\/www.anofm.ro\/mehedinti\/anunt\/","title":{"rendered":"ANUN\u021a"},"content":{"rendered":"\n<p>privind organizarea selec\u021biei pentru ocuparea postului de <em>expert de implementare jude\u021bean<\/em> (1 post) din cadrul Proiectului &#8222;Formactiv-formare \u0219i munc\u0103 activ\u0103&#8221;<\/p>\n\n\n\n<p><strong>ANUN\u021a<\/strong><\/p>\n\n\n\n<p>privind organizarea selec\u021biei pentru ocuparea postului de <em>expert de implementare jude\u021bean<\/em> (1 post) din cadrul Proiectului &#8222;Formactiv-formare \u0219i munc\u0103 activ\u0103&#8221;<\/p>\n\n\n\n<p>&nbsp;&nbsp;&nbsp;&nbsp;&nbsp;&nbsp;&nbsp; Agen\u021bia Jude\u021bean\u0103 pentru Ocuparea For\u021bei de Munc\u0103 Mehedin\u021bi, cu sediul \u00een Drobeta Turnu Severin, b-dul Carol I, nr.3, organizeaz\u0103, \u00een data de <strong>11.10.2024<\/strong>,<strong> ora 10.<sup>00<\/sup><\/strong>, selec\u021bia resurselor umane din cadrul echipei de implementare a Proiectului &#8222;<em>Formactiv-formare \u0219i munc\u0103 activ\u0103<\/em>&#8221; pentru postul:<\/p>\n\n\n\n<p>&#8211; expert de implementare jude\u021bean \u2013 1 post;<\/p>\n\n\n\n<p><strong>&nbsp;&nbsp;&nbsp;&nbsp;&nbsp;&nbsp;&nbsp; <\/strong>Pot participa la selec\u021bie numai persoanele care au calitatea de angaja\u021bi ai Agen\u021biei Jude\u021bene pentru Ocuparea For\u021bei de Munc\u0103 Mehedinti, subordonat\u0103 a Agen\u021biei Na\u021bionale pentru Ocuparea For\u021bei de Munc\u0103.<\/p>\n\n\n\n<p><strong>&nbsp;&nbsp;&nbsp;&nbsp;&nbsp;&nbsp;&nbsp; <\/strong>Agen\u021bia Na\u021bional\u0103 pentru Ocuparea For\u021bei de Munc\u0103 are \u00een implementare, cu o durat\u0103 de maxim 60 de luni, proiectul<strong> <\/strong><em>\u201e<\/em><em>Formactiv-formare \u0219i munc\u0103 activ\u0103<\/em>&#8221; din cadrul Programului Educa\u021bie \u0219i Ocupare 2021-2027, validat de c\u0103tre Ministerul Investi\u021biilor \u0219i Proiectelor Europene prin adresa nr.46699\/14.05.2024.<\/p>\n\n\n\n<p><strong>Obiectivul general al proiectului:<\/strong> Cre\u0219terea oportunit\u0103\u021bilor de \u00eencadrare a 5.105 de \u0219omeri \u00eenregistra\u021bi la Serviciul Public de Ocupare (SPO)&nbsp;<\/p>\n\n\n\n<p><strong>Obiectivul specific al proiectului:<\/strong> Stimularea ocup\u0103rii \u0219omerilor \u00eenregistra\u021bi la Serviciul Public de Ocupare (SPO), prin acordarea sprijinului financiar angajatorilor, aferent \u00eencadr\u0103rii prin ucenicie la locul de munc\u0103 a 5.105 de persoane<\/p>\n\n\n\n<p><strong>Activit\u0103\u021bile proiectului <\/strong>sunt:<\/p>\n\n\n\n<p>A.1. Acordarea sprijinului financiar angajatorilor care \u00eencheie contracte de ucenicie cu \u0219omeri \u00eenregistra\u021bi la SPO<\/p>\n\n\n\n<p>A.2. Verificare, aprobare, monitorizare, plat\u0103<\/p>\n\n\n\n<p>A.3. Coordonarea \u0219i monitorizarea activit\u0103\u021bilor \u00een cadrul proiectului<\/p>\n\n\n\n<p>Posturile pentru care se organizeaz\u0103 selec\u021bia:<\/p>\n\n\n\n<ul class=\"wp-block-list\">\n<li>expert implementare jude\u021bean \u2013 1 post<\/li>\n<\/ul>\n\n\n\n<p><strong>Condi\u021biile de ocupare<\/strong> a postului de <em>expert de implementare jude\u021bean<\/em><em> <\/em>(1 post):<\/p>\n\n\n\n<p><strong>Generale:<\/strong> candidatul s\u0103 fie angajat al Agen\u021biei Jude\u021bene pentru Ocuparea For\u021bei de Munc\u0103 Mehedin\u021bi;<\/p>\n\n\n\n<p><strong>Specifice:<\/strong><\/p>\n\n\n\n<ul class=\"wp-block-list\">\n<li>Studii medii absolvite cu diplom\u0103 de bacalaureat (4 ani)<\/li>\n\n\n\n<li>Minim 1 an vechime \u00een munc\u0103<\/li>\n<\/ul>\n\n\n\n<p><strong>Atribu\u021bii:<\/strong>&nbsp;<\/p>\n\n\n\n<ul class=\"wp-block-list\">\n<li>Particip\u0103 la \u00eencheierea conven\u021biilor pentru acordarea sprijinului financiar pentru ucenicie;<\/li>\n\n\n\n<li>Asigur\u0103 verificarea documentelor depuse pentru acordarea finan\u021b\u0103rii pentru ucenicie \u0219i \u00eendeplinirea condi\u021biilor pentru acordarea sprijinului din bugetul proiectului;<\/li>\n\n\n\n<li>Asigur\u0103 monitorizarea \u00eendeplinirii obliga\u021biilor asumate prin \u00eencheierea conven\u021biei;<\/li>\n\n\n\n<li>Centralizeaz\u0103 date \u0219i documente suport privind acordarea finan\u021b\u0103rii pentru ucenicie;<\/li>\n\n\n\n<li>Elaboreaz\u0103 rapoarte, transmite la nivel central documentele\/informa\u021biile necesare monitoriz\u0103rii stadiului de implementare proiect \u0219i rapoarte;<\/li>\n\n\n\n<li>Asigur\u0103 implementarea activit\u0103\u021bii 1 din cadrul proiectului;<\/li>\n\n\n\n<li>Asigur\u0103 transmiterea documentelor aferente cererilor de rambursare \u00eentocmite la nivel central;<\/li>\n\n\n\n<li>Monitorizeaz\u0103 \u00eencadrarea persoanelor dup\u0103 ie\u0219irea acestora din programele de ucenicie.<\/li>\n\n\n\n<li>Eviden\u021ba deconturilor.<\/li>\n<\/ul>\n\n\n\n<p><strong>\u00censcrierile <\/strong>se fac \u00een termen de 3 zile de la data public\u0103rii anun\u021bului pe site-ul institu\u021biei, respectiv\u00een <strong>perioada 07.10.2024 &#8211; 10.10.2024 ora 16<sup>00<\/sup>.<\/strong><\/p>\n\n\n\n<p>Dosarele candida\u021bilor se depun \u00een format electronic la adresa <strong>ajofm.mh@anofm.gov.ro<\/strong>, conform specifica\u021biilor din anun\u021b \u0219i vor primi un num\u0103r de \u00eenregistrare, num\u0103r la care se va face referire \u00een toate anun\u021burile de pe parcursul derul\u0103rii procedurii de selec\u021bie, f\u0103r\u0103 a se men\u021biona numele \u0219i prenumele candida\u021bilor.<\/p>\n\n\n\n<p>P\u00e2n\u0103 la finalizarea procedurii de selec\u021bie, fiecare candidat este obligat s\u0103 transmit\u0103 \u0219i dosarul \u00een format fizic.<\/p>\n\n\n\n<p>Candidaturile depuse dup\u0103 data limit\u0103, indicat\u0103 \u00een anun\u021bul de selec\u021bie, precum \u0219i cele incomplete vor fi respinse.<\/p>\n\n\n\n<p>\u00cen conformitate cu prevederile Cererii de finan\u021bare \u0219i anun\u021bului de selec\u021bie, dosarul de \u00eenscriere va con\u021bine urm\u0103toarele documente:<\/p>\n\n\n\n<p>a) Scrisoarea de inten\u021bie a candidatului;<\/p>\n\n\n\n<p>b) Copie, certificat\u0103 pentru conformitate cu originalul, a actului de identitate;<\/p>\n\n\n\n<p>c) Curriculum vitae \u00een format european, \u00een limba rom\u00e2n\u0103, semnat \u0219i datat pe fiecare pagin\u0103;<\/p>\n\n\n\n<p>d) Copii, certificate pentru conformitate cu originalul, ale actelor de studii;<\/p>\n\n\n\n<p>e) Copia, certificat\u0103 pentru conformitate cu originalul, a certificatului de c\u0103s\u0103torie, \u00een situa\u021bia \u00een care exist\u0103 diferen\u021b\u0103 de nume \u00eentre actul de identitate \u0219i actele de studii;<\/p>\n\n\n\n<p>f)&nbsp; Adeverin\u021b\u0103 de salariat;<\/p>\n\n\n\n<p>g) Alte acte doveditoare privid experien\u021ba\/expertiza, calific\u0103rile specifice aferente pozi\u021biei;<\/p>\n\n\n\n<p>h) Declara\u021bie prin care \u00ee\u0219i exprim\u0103 acordul privind prelucrarea datelor cu caracter personal;<\/p>\n\n\n\n<p>i)&nbsp; Declara\u021bie pe propria r\u0103spundere privind inexisten\u021ba oric\u0103rei situa\u021bii de incompatibilitate\/conflict de interese la activit\u0103\u021bile proiectului.<\/p>\n\n\n\n<p>Persoan\u0103 de contact: Alina SEVERINEANU- consilier superior<\/p>\n\n\n\n<p>Tel. 0252319029, ajofm.mh.@anofm.gov.ro<\/p>\n\n\n\n<p>Director executiv,<\/p>\n\n\n\n<p>Adrian BIDILICI<\/p>\n\n\n\n<p><\/p>\n","protected":false},"excerpt":{"rendered":"<p>privind organizarea selec\u021biei pentru ocuparea postului de expert de implementare jude\u021bean (1 post) din cadrul Proiectului &#8222;Formactiv-formare \u0219i munc\u0103 activ\u0103&#8221; ANUN\u021a privind organizarea selec\u021biei pentru ocuparea postului de expert de<\/p>\n","protected":false},"author":46,"featured_media":0,"comment_status":"closed","ping_status":"closed","sticky":false,"template":"","format":"standard","meta":{"footnotes":""},"categories":[7],"tags":[],"class_list":["post-4238","post","type-post","status-publish","format-standard","hentry","category-cariera-profesionala"],"_links":{"self":[{"href":"https:\/\/www.anofm.ro\/mehedinti\/wp-json\/wp\/v2\/posts\/4238","targetHints":{"allow":["GET"]}}],"collection":[{"href":"https:\/\/www.anofm.ro\/mehedinti\/wp-json\/wp\/v2\/posts"}],"about":[{"href":"https:\/\/www.anofm.ro\/mehedinti\/wp-json\/wp\/v2\/types\/post"}],"author":[{"embeddable":true,"href":"https:\/\/www.anofm.ro\/mehedinti\/wp-json\/wp\/v2\/users\/46"}],"replies":[{"embeddable":true,"href":"https:\/\/www.anofm.ro\/mehedinti\/wp-json\/wp\/v2\/comments?post=4238"}],"version-history":[{"count":1,"href":"https:\/\/www.anofm.ro\/mehedinti\/wp-json\/wp\/v2\/posts\/4238\/revisions"}],"predecessor-version":[{"id":4239,"href":"https:\/\/www.anofm.ro\/mehedinti\/wp-json\/wp\/v2\/posts\/4238\/revisions\/4239"}],"wp:attachment":[{"href":"https:\/\/www.anofm.ro\/mehedinti\/wp-json\/wp\/v2\/media?parent=4238"}],"wp:term":[{"taxonomy":"category","embeddable":true,"href":"https:\/\/www.anofm.ro\/mehedinti\/wp-json\/wp\/v2\/categories?post=4238"},{"taxonomy":"post_tag","embeddable":true,"href":"https:\/\/www.anofm.ro\/mehedinti\/wp-json\/wp\/v2\/tags?post=4238"}],"curies":[{"name":"wp","href":"https:\/\/api.w.org\/{rel}","templated":true}]}}