{"id":3824,"date":"2024-07-31T00:00:00","date_gmt":"2024-07-30T21:00:00","guid":{"rendered":"https:\/\/www.anofm.ro\/mehedinti\/31-07-2024-intalnirea-dintre-echipa-manageriala-a-unitatii-penitenciare-directorul-a-j-o-f-m-mehedinti-reprezentantul-i-t-m-mehedinti-si-agentii-economici\/"},"modified":"2024-07-31T00:00:00","modified_gmt":"2024-07-30T21:00:00","slug":"31-07-2024-intalnirea-dintre-echipa-manageriala-a-unitatii-penitenciare-directorul-a-j-o-f-m-mehedinti-reprezentantul-i-t-m-mehedinti-si-agentii-economici","status":"publish","type":"post","link":"https:\/\/www.anofm.ro\/mehedinti\/31-07-2024-intalnirea-dintre-echipa-manageriala-a-unitatii-penitenciare-directorul-a-j-o-f-m-mehedinti-reprezentantul-i-t-m-mehedinti-si-agentii-economici\/","title":{"rendered":"31.07.2024 &#8211; \u00eent\u00e2lnirea dintre echipa managerial\u0103 a unit\u0103\u021bii penitenciare, directorul A.J.O.F.M. Mehedin\u021bi, reprezentantul I.T.M. Mehedin\u021bi \u0219i agen\u021bii economici"},"content":{"rendered":"<p><\/p>\n<div class=\"file-list-wrap\">\n<ul class=\"file-list\">\n<li><a href=\"\/upload2\/Mehedin\u021bi\/30364\/In_data_de_31_07_2024.docx\" download>In_data_de_31_07_2024.docx<\/a><\/li>\n<li><a href=\"\/upload2\/Mehedin\u021bi\/30364\/IMG-20240731-WA0006.jpg\" download>IMG-20240731-WA0006.jpg<\/a><\/li>\n<li><a href=\"\/upload2\/Mehedin\u021bi\/30364\/IMG-20240731-WA0007.jpg\" download>IMG-20240731-WA0007.jpg<\/a><\/li>\n<li><a href=\"\/upload2\/Mehedin\u021bi\/30364\/IMG-20240731-WA0008.jpg\" download>IMG-20240731-WA0008.jpg<\/a><\/li>\n<li><a href=\"\/upload2\/Mehedin\u021bi\/30364\/IMG-20240731-WA0009.jpg\" download>IMG-20240731-WA0009.jpg<\/a><\/li>\n<li><a href=\"\/upload2\/Mehedin\u021bi\/30364\/IMG-20240731-WA0010.jpg\" download>IMG-20240731-WA0010.jpg<\/a><\/li>\n<li><a href=\"\/upload2\/Mehedin\u021bi\/30364\/IMG-20240731-WA0011.jpg\" download>IMG-20240731-WA0011.jpg<\/a><\/li>\n<li><a href=\"\/upload2\/Mehedin\u021bi\/30364\/IMG-20240731-WA0012.jpg\" download>IMG-20240731-WA0012.jpg<\/a><\/li>\n<li><a href=\"\/upload2\/Mehedin\u021bi\/30364\/IMG-20240731-WA0013.jpg\" download>IMG-20240731-WA0013.jpg<\/a><\/li>\n<li><a href=\"\/upload2\/Mehedin\u021bi\/30364\/IMG-20240731-WA0014.jpg\" download>IMG-20240731-WA0014.jpg<\/a><\/li>\n<\/ul>\n<\/div>\n","protected":false},"excerpt":{"rendered":"<p>31.07.2024 , \u00eent\u00e2lnirea, unit\u0103\u021bii penitenciare, directorul A.J.O.F.M. Mehedin\u021bi, reprezentantul I.T.M. Mehedin\u021bi , agen\u021bii economici<\/p>\n","protected":false},"author":0,"featured_media":0,"comment_status":"closed","ping_status":"closed","sticky":false,"template":"","format":"standard","meta":{"footnotes":""},"categories":[16],"tags":[],"class_list":["post-3824","post","type-post","status-publish","format-standard","hentry","category-materiale-informative"],"_links":{"self":[{"href":"https:\/\/www.anofm.ro\/mehedinti\/wp-json\/wp\/v2\/posts\/3824","targetHints":{"allow":["GET"]}}],"collection":[{"href":"https:\/\/www.anofm.ro\/mehedinti\/wp-json\/wp\/v2\/posts"}],"about":[{"href":"https:\/\/www.anofm.ro\/mehedinti\/wp-json\/wp\/v2\/types\/post"}],"replies":[{"embeddable":true,"href":"https:\/\/www.anofm.ro\/mehedinti\/wp-json\/wp\/v2\/comments?post=3824"}],"version-history":[{"count":0,"href":"https:\/\/www.anofm.ro\/mehedinti\/wp-json\/wp\/v2\/posts\/3824\/revisions"}],"wp:attachment":[{"href":"https:\/\/www.anofm.ro\/mehedinti\/wp-json\/wp\/v2\/media?parent=3824"}],"wp:term":[{"taxonomy":"category","embeddable":true,"href":"https:\/\/www.anofm.ro\/mehedinti\/wp-json\/wp\/v2\/categories?post=3824"},{"taxonomy":"post_tag","embeddable":true,"href":"https:\/\/www.anofm.ro\/mehedinti\/wp-json\/wp\/v2\/tags?post=3824"}],"curies":[{"name":"wp","href":"https:\/\/api.w.org\/{rel}","templated":true}]}}