{"id":164,"date":"2022-04-07T00:00:00","date_gmt":"2022-04-06T21:00:00","guid":{"rendered":"https:\/\/www.anofm.ro\/mehedinti\/444-locuri-de-munca-vacante-in-spatiul-economic-european-prin-reteaua-eures\/"},"modified":"2022-04-07T00:00:00","modified_gmt":"2022-04-06T21:00:00","slug":"444-locuri-de-munca-vacante-in-spatiul-economic-european-prin-reteaua-eures","status":"publish","type":"post","link":"https:\/\/www.anofm.ro\/mehedinti\/444-locuri-de-munca-vacante-in-spatiul-economic-european-prin-reteaua-eures\/","title":{"rendered":"444 locuri de munc\u0103 vacante \u00een Spa\u0163iul Economic European prin reteaua EURES"},"content":{"rendered":"<p>Introduceti continutul text. Eventualele incarcari de fisiere se fac in faza de editare<\/p>\n<div class=\"file-list-wrap\">\n<ul class=\"file-list\">\n<li><a href=\"\/upload2\/Mehedin\u021bi\/20335\/444_locuri_de_munca_vacante_in_Spatiul_Economic_European_prin_reteaua_EURES.docx\" download>444_locuri_de_munca_vacante_in_Spatiul_Economic_European_prin_reteaua_EURES.docx<\/a><\/li>\n<\/ul>\n<\/div>\n","protected":false},"excerpt":{"rendered":"<p>locuri de munc\u0103 vacante, Spa\u0163iul Economic European, reteaua EURES,<\/p>\n","protected":false},"author":0,"featured_media":0,"comment_status":"closed","ping_status":"closed","sticky":false,"template":"","format":"standard","meta":{"footnotes":""},"categories":[9],"tags":[],"class_list":["post-164","post","type-post","status-publish","format-standard","hentry","category-comunicate-de-presa"],"_links":{"self":[{"href":"https:\/\/www.anofm.ro\/mehedinti\/wp-json\/wp\/v2\/posts\/164","targetHints":{"allow":["GET"]}}],"collection":[{"href":"https:\/\/www.anofm.ro\/mehedinti\/wp-json\/wp\/v2\/posts"}],"about":[{"href":"https:\/\/www.anofm.ro\/mehedinti\/wp-json\/wp\/v2\/types\/post"}],"replies":[{"embeddable":true,"href":"https:\/\/www.anofm.ro\/mehedinti\/wp-json\/wp\/v2\/comments?post=164"}],"version-history":[{"count":0,"href":"https:\/\/www.anofm.ro\/mehedinti\/wp-json\/wp\/v2\/posts\/164\/revisions"}],"wp:attachment":[{"href":"https:\/\/www.anofm.ro\/mehedinti\/wp-json\/wp\/v2\/media?parent=164"}],"wp:term":[{"taxonomy":"category","embeddable":true,"href":"https:\/\/www.anofm.ro\/mehedinti\/wp-json\/wp\/v2\/categories?post=164"},{"taxonomy":"post_tag","embeddable":true,"href":"https:\/\/www.anofm.ro\/mehedinti\/wp-json\/wp\/v2\/tags?post=164"}],"curies":[{"name":"wp","href":"https:\/\/api.w.org\/{rel}","templated":true}]}}