{"id":152,"date":"2021-12-09T00:00:00","date_gmt":"2021-12-08T22:00:00","guid":{"rendered":"https:\/\/www.anofm.ro\/mehedinti\/mesajul-presedintelui-anofm-cu-ocazia-zilei-aniversare-ziua-anofm\/"},"modified":"2021-12-09T00:00:00","modified_gmt":"2021-12-08T22:00:00","slug":"mesajul-presedintelui-anofm-cu-ocazia-zilei-aniversare-ziua-anofm","status":"publish","type":"post","link":"https:\/\/www.anofm.ro\/mehedinti\/mesajul-presedintelui-anofm-cu-ocazia-zilei-aniversare-ziua-anofm\/","title":{"rendered":"Mesajul Pre\u015fedintelui ANOFM cu ocazia zilei aniversare &#8211; \u201eZiua ANOFM\u201d"},"content":{"rendered":"<p class=\"MsoNormal\" style=\"margin-top:0cm;margin-right:0cm;margin-bottom:3.0pt;margin-left:0cm;text-align:right\" align=\"right\"><b><span lang=\"EN-US\">10 Decembrie 2021<\/span><\/b><\/p>\n<p class=\"MsoNormal\" style=\"margin-top:0cm;margin-right:0cm;margin-bottom:3.0pt;margin-left:0cm\"><b><span lang=\"EN-US\">\u00a0<\/span><\/b><\/p>\n<p class=\"MsoNormal\" style=\"margin-top:0cm;margin-right:0cm;margin-bottom:3.0pt;margin-left:0cm;text-align:center\" align=\"center\"><b><span lang=\"EN-US\">Mesajul<br \/>\nPre\u015fedintelui ANOFM cu ocazia zilei aniversare &#8211; \u201eZiua ANOFM\u201d<\/span><\/b><span lang=\"EN-US\"><\/span><\/p>\n<p class=\"MsoNormal\" style=\"margin-top:0cm;margin-right:0cm;margin-bottom:3.0pt;margin-left:0cm\"><span lang=\"EN-US\">\u00a0<\/span><\/p>\n<p class=\"MsoNormal\" style=\"margin-top:0cm;margin-right:0cm;margin-bottom:3.0pt;margin-left:0cm\"><span lang=\"EN-US\">10<br \/>\ndecembrie 2021 reprezint\u0103 pentru Agen\u0163ia Na\u0163ional\u0103 pentru Ocuparea For\u0163ei de<br \/>\nMunc\u0103 ziua \u00een care aniverseaz\u0103 23 ani de activitate, perioad<\/span><span>\u0103<\/span><span lang=\"EN-US\"> \u00een care a dovedit c\u0103 este o<br \/>\ninstitu\u021bie puternic\u0103, un actor important pe pia\u021ba muncii.<\/span><\/p>\n<p class=\"MsoNormal\" style=\"margin-top:0cm;margin-right:0cm;margin-bottom:3.0pt;margin-left:0cm\"><span lang=\"EN-US\">\u00cen aceast\u0103<br \/>\nzi important\u0103 doresc s\u0103 transmit un mesaj de angajament c\u0103tre to\u021bi beneficiarii<br \/>\nserviciilor noastre, at\u00e2t persoane aflate \u00een c\u0103utarea unui loc de munc\u0103 c\u00e2t \u0219i<br \/>\nangajatori, un mesaj prin care s\u0103 \u00eei asigur c\u0103, \u00een continuare, personalul din<br \/>\ninstitu\u0163iile aflate \u00een subordinea ANOFM vor fi la dispozi\u021bia acestora,<br \/>\ncon\u015ftient fiind de necesitatea oferirii unor servicii de calitate. <\/span><\/p>\n<p class=\"MsoNormal\" style=\"margin-top:0cm;margin-right:0cm;margin-bottom:3.0pt;margin-left:0cm\"><span lang=\"EN-US\">Anul 2021<br \/>\na fost un an dificil pentru to\u021bi, plin de provoc\u0103ri, un an \u00een care epidemia<br \/>\ngenerat\u0103 de SARS-CoV-2 a continuat s\u0103 afecteze \u00eentreaga societate. ANOFM a<br \/>\ndepus eforturi deosebite sprijinind prin serviciile oferite mediul economic<br \/>\ngreu \u00eencercat \u00een contextul pandemic. <\/span><\/p>\n<p class=\"MsoNormal\" style=\"margin-top:0cm;margin-right:0cm;margin-bottom:3.0pt;margin-left:0cm\"><span lang=\"EN-US\">Spre<br \/>\ndeosebire de anul 2020, c\u00e2nd a trebuit s\u0103 \u00eenv\u0103\u021b\u0103m din mers cum s\u0103 gestion\u0103m c\u00e2t<br \/>\nmai bine aceast\u0103 situa\u021bie, \u00een acest an am pornit de la un cadru legislativ deja<br \/>\ncreat, de la m\u0103suri de protec\u021bie social\u0103 deja puse \u00een practic\u0103 \u0219i care \u0219i-au<br \/>\ndemonstrat necesitatea \u0219i eficien\u021ba \u00een aceast\u0103 perioad\u0103 dificil\u0103. Pentru a<br \/>\nevita \u00eencetarea contractelor individuale de munc\u0103 ale salaria\u021bilor ai c\u0103ror<br \/>\nangajatori \u0219i-au redus sau \u00eentrerupt temporar activitatea, Guvernul a continuat<br \/>\npunerea \u00een aplicare a pachetului de acte normative adoptate \u00een anul 2020,<br \/>\nmenite s\u0103 sus\u021bin\u0103 deopotriv\u0103 angajatorii \u0219i angaja\u021bii afecta\u021bi de instituirea<br \/>\nst\u0103rii de alert\u0103, urmare a situa\u021biei epidemiologice.<\/span><\/p>\n<p class=\"MsoNormal\" style=\"margin-top:0cm;margin-right:0cm;margin-bottom:3.0pt;margin-left:0cm\"><span lang=\"EN-US\">Astfel,<br \/>\ninstitu\u021bia noastr\u0103 a jucat un rol deosebit de important \u00een limitarea efectelor<br \/>\nnegative ale pandemiei, oferind sprijin angajatorilor \u0219i angaja\u021bilor, fiind<br \/>\nsalvate numeroase locuri de munc\u0103. <\/span><\/p>\n<p class=\"MsoNormal\" style=\"margin-top:0cm;margin-right:0cm;margin-bottom:3.0pt;margin-left:0cm\"><span lang=\"EN-US\">Totodat\u0103,<br \/>\npe l\u00e2ng\u0103 m\u0103surile special adoptate \u00een contextul pandemic, ANOFM a continuat<br \/>\naplicarea m\u0103surilor active prin care se urm\u0103re\u015fte cre\u015fterea \u015fanselor de ocupare<br \/>\na persoanelor aflate \u00een c\u0103utarea unui loc de munc\u0103. De asemenea, am continuat<br \/>\ns\u0103 acord\u0103m aten\u0163ie deosebit\u0103 ocup\u0103rii categoriilor cu dificult\u0103\u0163i de integrare<br \/>\npe pia\u0163a muncii, tineri NEET, \u015fomeri de lung\u0103 durat\u0103, persoane peste 45 de ani,<br \/>\npersoane cu dizabilit\u0103\u0163i etc.<\/span><\/p>\n<p class=\"MsoNormal\" style=\"margin-top:0cm;margin-right:0cm;margin-bottom:3.0pt;margin-left:0cm\"><span lang=\"EN-US\">Deosebit<br \/>\nde important de amintit este implicarea institu\u021biei noastre \u00een implementarea<br \/>\nproiectelor cu finan\u021bare european\u0103 nerambursabil\u0103. \u00cen acest sens, implement\u0103m o<br \/>\nserie de proiecte finan\u021bate din Fondul Social European prin Programul<br \/>\nOpera\u021bional Capital Uman 2014-2020, asigur\u00e2ndu-se astfel cre\u0219terea<br \/>\noportunit\u0103\u021bilor de \u00eencadrare \u00een munc\u0103 a persoanelor aflate \u00een dificultate din<br \/>\npunct de vedere al ocup\u0103rii.<\/span><\/p>\n<p class=\"MsoNormal\" style=\"margin-top:0cm;margin-right:0cm;margin-bottom:3.0pt;margin-left:0cm\"><span lang=\"EN-US\">\u00cen<br \/>\nprezent, Agen\u021bia Na\u021bional\u0103 pentru Ocuparea For\u021bei de Munc\u0103, prin agen\u0163iile<br \/>\nteritoriale subordonate, implementeaz\u0103 16 proiecte finan\u021bate din Fondul Social<br \/>\nEuropean prin Programul Opera\u021bional Capital Uman, \u00een valoare total\u0103 de peste<br \/>\n756.500.000 euro, av\u00e2nd ca beneficiari un num\u0103r de peste 361.000 persoane, iar<br \/>\nun altul, \u00een valoare de peste 68.000.000 euro fiind \u00een faza de contractare. De<br \/>\nasemenea, amintesc faptul c\u0103 alte 2 proiecte \u00een valoare total\u0103 de peste<br \/>\n297.900.000 euro, av\u00e2nd ca beneficiari un num\u0103r de peste 177.000 persoane au<br \/>\nfost deja finalizate.<\/span><\/p>\n<p class=\"MsoNormal\" style=\"margin-top:0cm;margin-right:0cm;margin-bottom:3.0pt;margin-left:0cm\"><span lang=\"EN-US\">Ast\u0103zi, cu<br \/>\nocazia zilei aniversare \u2013 \u201cZiua ANOFM\u201d, transmit un mesaj de mul\u021bumire<br \/>\nmembrilor Consiliului de Administra\u0163ie al ANOFM, tuturor partenerilor \u0219i colaboratorilor,<br \/>\nclien\u0163ilor no\u015ftri \u015fi nu \u00een ultimul r\u00e2nd, colegilor mei din Serviciul Public de<br \/>\nOcupare, pentru implicarea \u0219i eforturile sus\u021binute depuse pe parcursul acestui<br \/>\nan.<\/span><\/p>\n<p class=\"MsoNormal\" style=\"margin-top:0cm;margin-right:0cm;margin-bottom:3.0pt;margin-left:0cm\"><span lang=\"EN-US\">Totodat\u0103,<br \/>\ndoresc s\u0103 remarc interesul reprezentan\u0163ilor mass-media \u0219i al societ\u0103\u021bii civile<br \/>\npentru activitatea noastr\u0103 \u0219i pentru informarea corect\u0103 a opiniei publice. At\u00e2t<br \/>\neu, c\u00e2t \u0219i colegii mei sper\u0103m s\u0103 fi\u021bi al\u0103turi de noi \u00een continuare pentru a<br \/>\nputea face fa\u021b\u0103 tuturor provoc\u0103rilor.<\/span><\/p>\n<p class=\"MsoNormal\" style=\"margin-top:0cm;margin-right:0cm;margin-bottom:3.0pt;margin-left:0cm\"><span lang=\"EN-US\">Noul an<br \/>\ncare se apropie s\u0103 v\u0103 aduc\u0103 s\u0103n\u0103tate \u015fi fericire, dar \u0219i satisfac\u021bii<br \/>\nprofesionale.<\/span><\/p>\n<p class=\"MsoNormal\" style=\"margin-top:0cm;margin-right:0cm;margin-bottom:3.0pt;margin-left:0cm\"><span lang=\"EN-US\">\u00a0<\/span><\/p>\n<p class=\"MsoNormal\" style=\"margin-top:0cm;margin-right:0cm;margin-bottom:3.0pt;margin-left:0cm;text-align:center\" align=\"center\"><span lang=\"EN-US\">La mul\u0163i ani!<\/span><\/p>\n<p class=\"MsoNormal\" style=\"margin-top:0cm;margin-right:0cm;margin-bottom:3.0pt;margin-left:0cm;text-align:center\" align=\"center\"><span lang=\"EN-US\">\u00a0<\/span><\/p>\n<p class=\"MsoNormal\" style=\"margin-top:0cm;margin-right:0cm;margin-bottom:3.0pt;margin-left:0cm;text-align:center\" align=\"center\"><b><span lang=\"EN-US\">Maria Mare\u015f<\/span><\/b><\/p>\n<p class=\"MsoNormal\" style=\"margin-top:0cm;margin-right:0cm;margin-bottom:3.0pt;margin-left:0cm;text-align:center\" align=\"center\"><b><span lang=\"EN-US\">Pre\u015fedinte ANOFM<\/span><\/b><\/p>\n<p class=\"MsoNormal\" style=\"margin-top:0cm;margin-right:0cm;margin-bottom:3.0pt;margin-left:0cm\"><span lang=\"EN-US\">\u00a0<\/span><\/p>\n<p class=\"MsoNormal\" style=\"margin-top:0cm;margin-right:0cm;margin-bottom:3.0pt;margin-left:0cm\"><span lang=\"EN-US\">\u00a0<\/span><\/p>\n<div class=\"file-list-wrap\">\n<ul class=\"file-list\">\n<li><a href=\"\/upload2\/Mehedin\u021bi\/18551\/10_Decembrie_2021_Ziua_ANOFM_fs.pdf\" download>10_Decembrie_2021_Ziua_ANOFM_fs.pdf<\/a><\/li>\n<\/ul>\n<\/div>\n","protected":false},"excerpt":{"rendered":"<p>Mesajul Pre\u015fedintelui, ANOFM, zilei aniversare, Ziua ANOFM,<\/p>\n","protected":false},"author":0,"featured_media":0,"comment_status":"closed","ping_status":"closed","sticky":false,"template":"","format":"standard","meta":{"footnotes":""},"categories":[9],"tags":[],"class_list":["post-152","post","type-post","status-publish","format-standard","hentry","category-comunicate-de-presa"],"_links":{"self":[{"href":"https:\/\/www.anofm.ro\/mehedinti\/wp-json\/wp\/v2\/posts\/152","targetHints":{"allow":["GET"]}}],"collection":[{"href":"https:\/\/www.anofm.ro\/mehedinti\/wp-json\/wp\/v2\/posts"}],"about":[{"href":"https:\/\/www.anofm.ro\/mehedinti\/wp-json\/wp\/v2\/types\/post"}],"replies":[{"embeddable":true,"href":"https:\/\/www.anofm.ro\/mehedinti\/wp-json\/wp\/v2\/comments?post=152"}],"version-history":[{"count":0,"href":"https:\/\/www.anofm.ro\/mehedinti\/wp-json\/wp\/v2\/posts\/152\/revisions"}],"wp:attachment":[{"href":"https:\/\/www.anofm.ro\/mehedinti\/wp-json\/wp\/v2\/media?parent=152"}],"wp:term":[{"taxonomy":"category","embeddable":true,"href":"https:\/\/www.anofm.ro\/mehedinti\/wp-json\/wp\/v2\/categories?post=152"},{"taxonomy":"post_tag","embeddable":true,"href":"https:\/\/www.anofm.ro\/mehedinti\/wp-json\/wp\/v2\/tags?post=152"}],"curies":[{"name":"wp","href":"https:\/\/api.w.org\/{rel}","templated":true}]}}